{"id":132,"date":"2017-02-15T12:33:37","date_gmt":"2017-02-15T12:33:37","guid":{"rendered":"http:\/\/gminnesprawy.home.pl\/autoinstalator\/wordpress\/?p=132"},"modified":"2017-03-02T12:34:27","modified_gmt":"2017-03-02T12:34:27","slug":"koleda-20162017","status":"publish","type":"post","link":"http:\/\/parafiawegliniec.pl\/?p=132","title":{"rendered":"Kol\u0119da 2016\/2017"},"content":{"rendered":"<p><strong>Plan wizyty duszpasterskiej 20.02 &#8211; 25.02):<\/strong><\/p>\n<p>&#8211; poniedzia\u0142ek: ul. Ko\u015bciuszki od nr 1 \u2013 11,<\/p>\n<p>&#8211; wtorek: ul. Ko\u015bciuszki od nr 12 \u2013 36,<\/p>\n<p>&#8211; \u015broda: ul. Wschodnia od nr 1 \u2013 14,<\/p>\n<p>&#8211; czwartek: ul. Wschodnia od nr 15 \u2013 25,<\/p>\n<p>&#8211; pi\u0105tek: ul. Kr\u00f3tka , ul. Ogrodowa i ul. Parkowa<\/p>\n<p>Rodziny lub osoby, kt\u00f3re nie mog\u0142y z r\u00f3\u017cnych powod\u00f3w spotka\u0107 si\u0119 podczas wizyty duszpasterskiej prosz\u0119 o osobiste zg\u0142oszenie i ustalenie daty i godziny spotkania.<\/p>\n","protected":false},"excerpt":{"rendered":"<p>Plan wizyty duszpasterskiej 20.02 &#8211; 25.02): &#8211; poniedzia\u0142ek: ul. Ko\u015bciuszki od nr 1 \u2013 11, &#8211; wtorek: ul. Ko\u015bciuszki od nr 12 \u2013 36, &#8211; \u015broda: ul. Wschodnia od nr 1 \u2013 14, &#8211; czwartek: ul. Wschodnia od nr 15 \u2013 25, &#8211; pi\u0105tek: ul. Kr\u00f3tka , ul. Ogrodowa i ul. Parkowa Rodziny lub osoby, [&hellip;]<\/p>\n","protected":false},"author":1,"featured_media":133,"comment_status":"closed","ping_status":"open","sticky":false,"template":"","format":"standard","meta":[],"categories":[3],"tags":[],"_links":{"self":[{"href":"http:\/\/parafiawegliniec.pl\/index.php?rest_route=\/wp\/v2\/posts\/132"}],"collection":[{"href":"http:\/\/parafiawegliniec.pl\/index.php?rest_route=\/wp\/v2\/posts"}],"about":[{"href":"http:\/\/parafiawegliniec.pl\/index.php?rest_route=\/wp\/v2\/types\/post"}],"author":[{"embeddable":true,"href":"http:\/\/parafiawegliniec.pl\/index.php?rest_route=\/wp\/v2\/users\/1"}],"replies":[{"embeddable":true,"href":"http:\/\/parafiawegliniec.pl\/index.php?rest_route=%2Fwp%2Fv2%2Fcomments&post=132"}],"version-history":[{"count":1,"href":"http:\/\/parafiawegliniec.pl\/index.php?rest_route=\/wp\/v2\/posts\/132\/revisions"}],"predecessor-version":[{"id":134,"href":"http:\/\/parafiawegliniec.pl\/index.php?rest_route=\/wp\/v2\/posts\/132\/revisions\/134"}],"wp:featuredmedia":[{"embeddable":true,"href":"http:\/\/parafiawegliniec.pl\/index.php?rest_route=\/wp\/v2\/media\/133"}],"wp:attachment":[{"href":"http:\/\/parafiawegliniec.pl\/index.php?rest_route=%2Fwp%2Fv2%2Fmedia&parent=132"}],"wp:term":[{"taxonomy":"category","embeddable":true,"href":"http:\/\/parafiawegliniec.pl\/index.php?rest_route=%2Fwp%2Fv2%2Fcategories&post=132"},{"taxonomy":"post_tag","embeddable":true,"href":"http:\/\/parafiawegliniec.pl\/index.php?rest_route=%2Fwp%2Fv2%2Ftags&post=132"}],"curies":[{"name":"wp","href":"https:\/\/api.w.org\/{rel}","templated":true}]}}