{"id":1650,"date":"2021-01-11T08:40:42","date_gmt":"2021-01-11T08:40:42","guid":{"rendered":"http:\/\/parafiawegliniec.pl\/?p=1650"},"modified":"2021-01-11T08:40:43","modified_gmt":"2021-01-11T08:40:43","slug":"ogloszenia-parafialne","status":"publish","type":"post","link":"http:\/\/parafiawegliniec.pl\/?p=1650","title":{"rendered":"Og\u0142oszenia parafialne"},"content":{"rendered":"\n<h3 class=\"has-text-align-center has-vivid-red-color has-text-color\"><strong>Og\u0142oszenia parafialne<\/strong><\/h3>\n\n\n\n<hr class=\"wp-block-separator is-style-wide\"\/>\n\n\n\n<p class=\"has-text-align-center has-vivid-red-color has-text-color\"><strong>NIEDZIELA CHRZTU PA\u0143SKIEGO, 10 STYCZNIA 2021 ROKU<\/strong><\/p>\n\n\n\n<p><strong>1.<\/strong>&nbsp;Dzisiejsze \u015awi\u0119to Chrztu Pa\u0144skiego ko\u0144czy okres Narodzenia Pa\u0144skiego. Po nim nast\u0119puje liturgiczny okres \u201ew ci\u0105gu roku\u201d. Po chrzcie w rzece Jordan, Chrystus rozpoczyna dzia\u0142alno\u015b\u0107 publiczn\u0105. Naucza o kr\u00f3lestwie Bo\u017cym i potwierdza swoj\u0105 nauk\u0119 cudami i znakami, kt\u00f3re s\u0105 opisane w Ewangelii. \u015awi\u0119to Chrztu Pa\u0144skiego jest dla nas okazj\u0105 do wdzi\u0119czno\u015bci za przyj\u0119ty przez nas Sakrament Chrztu \u015awi\u0119tego, za szafarza tego sakramentu oraz za naszych rodzic\u00f3w i chrzestnych a tak\u017ce za wszystkich \u015bwiadk\u00f3w wiary, jakich spotykamy na naszej drodze \u017cycia.<\/p>\n\n\n\n<p><strong>2.Nowenna do Matki Bo\u017cej Nieustaj\u0105cej Pomocy w \u015brod\u0119, 13 stycznia<\/strong>&nbsp;o godz. 17.00. Bezpo\u015brednio po niej Msza \u015bw. Zach\u0119camy do pisania pr\u00f3\u015bb i podzi\u0119kowa\u0144 do Matki Naj\u015bwi\u0119tszej oraz sk\u0142adania ich do przygotowanej skrzynki na intencje modlitewne w ko\u015bciele parafialnym.<\/p>\n\n\n\n<p><strong>3. Modlitwa ku czci Mi\u0142osierdzia Bo\u017cego w trzeci pi\u0105tek miesi\u0105ca, czyli 15 stycznia.<\/strong>&nbsp;Tego dnia nabo\u017ce\u0144stwo po\u0142\u0105czone z koronk\u0105 do Mi\u0142osierdzia Bo\u017cego o godz. 16.30 w ko\u015bciele parafialnym. Zach\u0119camy do pisania pr\u00f3\u015bb i podzi\u0119kowa\u0144 Mi\u0142osiernemu Panu. Teksty modlitw mo\u017cna sk\u0142ada\u0107 do skrzynki przy wej\u015bciu do ko\u015bcio\u0142a parafialnego.<br>* R\u00f3wnie\u017c w&nbsp;<strong>pi\u0105tek, 15 stycznia<\/strong>&nbsp;zapraszamy na u<strong>wielbienie Jezusa w Naj\u015bwi\u0119tszym&nbsp;<\/strong><strong>Sakramencie.<\/strong>&nbsp;Nasz<strong>&nbsp;\u201ewiecz\u00f3r z Jezusem\u201d<\/strong>&nbsp;rozpoczniemy&nbsp;<strong>o godz. 19.30 w ko\u015bciele&nbsp;<\/strong><strong>parafialnym.<\/strong><\/p>\n\n\n\n<p><strong>4.<\/strong>&nbsp;Plan&nbsp;<strong>spotka\u0144 modlitewno-kol\u0119dowych<\/strong>&nbsp;w tym tygodniu przedstawia si\u0119 nast\u0119puj\u0105co:<br>Poniedzia\u0142ek,&nbsp;<strong>11 stycznia<\/strong>&nbsp;\u2013 ul. Mickiewicza, ul. Z\u0142a Droga<br>Wtorek,&nbsp;<strong>12 stycznia<\/strong>&nbsp;\u2013 ul. Sikorskiego<em>&nbsp;(numery parzyste)<\/em><br>\u015aroda,&nbsp;<strong>13 stycznia<\/strong>&nbsp;\u2013 ul. Sikorskiego&nbsp;<em>(numery nieparzyste)<\/em><br>Czwartek,&nbsp;<strong>14 stycznia<\/strong>&nbsp;\u2013 ul. Kolejowa<br>Pi\u0105tek,&nbsp;<strong>15 stycznia<\/strong>&nbsp;\u2013 ul. Kochanowskiego, ul. Kr\u0119ta<br>* Ka\u017cdego dnia spotykamy si\u0119 na Mszy \u015bw. wieczornej o godz. 17.00: w czwartek w ko\u015bciele kolejowym, w pozosta\u0142e dni w ko\u015bciele parafialnym. Modlimy si\u0119 o Bo\u017ce b\u0142ogos\u0142awie\u0144stwo i potrzebne \u0142aski w Nowym Roku dla mieszka\u0144c\u00f3w poszczeg\u00f3lnych cz\u0119\u015bci naszej parafii. Bardzo prosimy o przyniesienie ze sob\u0105&nbsp;<strong>wody do po\u015bwi\u0119cenia.<\/strong><br>* Plan wieczornych kol\u0119dowych spotka\u0144 obejmuj\u0105cy ca\u0142\u0105 parafi\u0119 znajduje si\u0119 w gablotach przy naszych ko\u015bcio\u0142ach oraz jest dost\u0119pny na parafialnej stronie internetowej.<\/p>\n\n\n\n<p><strong>5.<\/strong>Bardzo dzi\u0119kujemy parafianom, kt\u00f3rzy przygotowali nasze ko\u015bcio\u0142y i z\u0142o\u017cyli ofiary na kwiaty. By\u0142y to nast\u0119puj\u0105ce osoby: Irena Fink, Krystyna Lech, Stefania Zasowska, Marianna Serafin, Halina S\u0142abolepsza, Danuta Wrzeszcz, Krystyna Zasa\u0144ska, Stefania Saletnik, Anna Krawczyk, Zofia Wycisk, Adam Krupca\u0142a, Krystyna Macura. Ofiary na kwiaty z\u0142o\u017cy\u0142y: Janina Stefa\u0144ska, Ma\u0142gorzata Ancygier, Anna Rokosz.<\/p>\n\n\n\n<p><strong>6.<\/strong>Kierujemy pro\u015bb\u0119 o przygotowanie ko\u015bcio\u0142\u00f3w w przysz\u0142\u0105 sobot\u0119 o godz. 10.00.<br>Prosimy, aby&nbsp;ko\u015bci\u00f3\u0142 parafialny&nbsp;przygotowa\u0142y osoby: Katarzyna Purczy\u0144ska, Zofia Buczkowska, Ewa Komarnicka, Maria Kisielewska, Alicja Szymonek, Iwona Naskr\u0119t, Krystyna Pelak.<br>Natomiast&nbsp;ko\u015bci\u00f3\u0142 \u201ekolejowy\u201d:&nbsp;Wioleta W\u0105sik, Krystyna Pawluk, Janina Grze\u015bk\u00f3w, Izabela Wo\u017aniak, Dorota Wachecka, Bernadeta Robocie\u0144.<\/p>\n\n\n\n<p><strong>7.<\/strong>Dzi\u0119kujemy za ofiary sk\u0142adane w II niedziel\u0119 miesi\u0105ca, na tzw. tac\u0119 inwestycyjn\u0105. Dzi\u0119kujemy te\u017c za ofiary z\u0142o\u017cone podczas Mszy \u015bw. Pasterskiej na Fundusz Obrony \u017bycia oraz za materialn\u0105 pomoc misjonarzom i misjonarkom udzielon\u0105 w ubieg\u0142\u0105 \u015brod\u0119, w Uroczysto\u015b\u0107 Objawienia Pa\u0144skiego.<\/p>\n\n\n\n<p><strong>8.<\/strong>Zach\u0119camy do lektury ciekawych artyku\u0142\u00f3w zamieszczonych w prasie katolickiej. Do nabycia s\u0105 nowe numery tygodnik\u00f3w \u201eNiedziela\u201d i \u201eGo\u015b\u0107 Niedzielny\u201d.<\/p>\n\n\n\n<p><strong>9.<\/strong>W ostatnim tygodniu z naszej wsp\u00f3lnoty parafialnej&nbsp;<strong>do wieczno\u015bci odesz\u0142y nast\u0119puj\u0105ce osoby:<\/strong>&nbsp;Stanis\u0142aw Wrzeszcz, Zbigniew Lembas.&nbsp;<em>Wieczny odpoczynek racz im da\u0107, Panie\u2026<\/em><\/p>\n\n\n\n<p><strong>10.<\/strong>&nbsp;W nowym tygodniu \u017cyczymy Wam, Drodzy Parafianie i tym, kt\u00f3rzy odwiedzaj\u0105 nasz\u0105 parafi\u0119 owocnego wykorzystania czasu, kt\u00f3ry jest darem Boga oraz obfito\u015bci Bo\u017cych \u0142ask i si\u0142 w codzienno\u015bci.<\/p>\n","protected":false},"excerpt":{"rendered":"<p>Og\u0142oszenia parafialne NIEDZIELA CHRZTU PA\u0143SKIEGO, 10 STYCZNIA 2021 ROKU 1.&nbsp;Dzisiejsze \u015awi\u0119to Chrztu Pa\u0144skiego ko\u0144czy okres Narodzenia Pa\u0144skiego. Po nim nast\u0119puje liturgiczny okres \u201ew ci\u0105gu roku\u201d. Po chrzcie w rzece Jordan, Chrystus rozpoczyna dzia\u0142alno\u015b\u0107 publiczn\u0105. Naucza o kr\u00f3lestwie Bo\u017cym i potwierdza swoj\u0105 nauk\u0119 cudami i znakami, kt\u00f3re s\u0105 opisane w Ewangelii. \u015awi\u0119to Chrztu Pa\u0144skiego jest dla [&hellip;]<\/p>\n","protected":false},"author":1,"featured_media":1542,"comment_status":"closed","ping_status":"open","sticky":false,"template":"","format":"standard","meta":[],"categories":[4],"tags":[],"_links":{"self":[{"href":"http:\/\/parafiawegliniec.pl\/index.php?rest_route=\/wp\/v2\/posts\/1650"}],"collection":[{"href":"http:\/\/parafiawegliniec.pl\/index.php?rest_route=\/wp\/v2\/posts"}],"about":[{"href":"http:\/\/parafiawegliniec.pl\/index.php?rest_route=\/wp\/v2\/types\/post"}],"author":[{"embeddable":true,"href":"http:\/\/parafiawegliniec.pl\/index.php?rest_route=\/wp\/v2\/users\/1"}],"replies":[{"embeddable":true,"href":"http:\/\/parafiawegliniec.pl\/index.php?rest_route=%2Fwp%2Fv2%2Fcomments&post=1650"}],"version-history":[{"count":1,"href":"http:\/\/parafiawegliniec.pl\/index.php?rest_route=\/wp\/v2\/posts\/1650\/revisions"}],"predecessor-version":[{"id":1651,"href":"http:\/\/parafiawegliniec.pl\/index.php?rest_route=\/wp\/v2\/posts\/1650\/revisions\/1651"}],"wp:featuredmedia":[{"embeddable":true,"href":"http:\/\/parafiawegliniec.pl\/index.php?rest_route=\/wp\/v2\/media\/1542"}],"wp:attachment":[{"href":"http:\/\/parafiawegliniec.pl\/index.php?rest_route=%2Fwp%2Fv2%2Fmedia&parent=1650"}],"wp:term":[{"taxonomy":"category","embeddable":true,"href":"http:\/\/parafiawegliniec.pl\/index.php?rest_route=%2Fwp%2Fv2%2Fcategories&post=1650"},{"taxonomy":"post_tag","embeddable":true,"href":"http:\/\/parafiawegliniec.pl\/index.php?rest_route=%2Fwp%2Fv2%2Ftags&post=1650"}],"curies":[{"name":"wp","href":"https:\/\/api.w.org\/{rel}","templated":true}]}}