{"id":1672,"date":"2021-01-25T06:42:58","date_gmt":"2021-01-25T06:42:58","guid":{"rendered":"http:\/\/parafiawegliniec.pl\/?p=1672"},"modified":"2021-01-25T06:43:00","modified_gmt":"2021-01-25T06:43:00","slug":"ogloszenia-parafialne-3","status":"publish","type":"post","link":"http:\/\/parafiawegliniec.pl\/?p=1672","title":{"rendered":"Og\u0142oszenia parafialne"},"content":{"rendered":"\n<h3 class=\"has-text-align-center has-vivid-cyan-blue-color has-text-color\"><strong>Og\u0142oszenia parafialne<\/strong><\/h3>\n\n\n\n<hr class=\"wp-block-separator has-text-color has-background has-black-background-color has-black-color is-style-wide\"\/>\n\n\n\n<p class=\"has-text-align-center has-vivid-cyan-blue-color has-text-color\"><strong>III NIEDZIELA \u201eW CI\u0104GU ROKU\u201d, 24 STYCZNIA 2021 ROKU<\/strong><\/p>\n\n\n\n<p><strong>1.<\/strong>&nbsp;Dzisiaj prze\u017cywamy Niedziel\u0119 S\u0142owa Bo\u017cego. B\u00f3g swoim S\u0142owem stworzy\u0142 \u015bwiat, przem\u00f3wi\u0142 te\u017c posy\u0142aj\u0105c swojego Syna, Jezusa Chrystusa, aby da\u0107 nam nowe \u017cycie. Przemawia ci\u0105gle do ludzi na kartach Pisma \u015bwi\u0119tego. Czytaj\u0105c Bibli\u0119 s\u0142uchamy Bo\u017cego S\u0142owa, kt\u00f3re jest zawsze aktualne i staje si\u0119 \u015bwiat\u0142em o\u015bwiecaj\u0105cym drogi naszego \u017cycia.<\/p>\n\n\n\n<p><strong>2. Z kalendarza liturgicznego:&nbsp;<\/strong>w poniedzia\u0142ek, 25 stycznia \u2013 \u015bwi\u0119to Nawr\u00f3cenia \u015bw. Paw\u0142a Aposto\u0142a; we wtorek, 26 stycznia \u2013 wspomnienie \u015bwi\u0119tych Tymoteusza i Tytusa; w czwartek, 28 stycznia \u2013 wspomnienie \u015bw. Tomasza z Akwinu.<\/p>\n\n\n\n<p><strong>3.Nowenna do Matki Bo\u017cej Nieustaj\u0105cej Pomocy w \u015brod\u0119, 27 stycznia<\/strong>&nbsp;o godz. 17.00. Bezpo\u015brednio po niej Msza \u015bw. Zach\u0119camy do powierzania wsp\u00f3lnej modlitwie naszych wa\u017cnych indywidualnych intencji i codziennych spraw.<\/p>\n\n\n\n<p><strong>4.<\/strong>&nbsp;Plan&nbsp;<strong>spotka\u0144 modlitewno-kol\u0119dowych<\/strong>&nbsp;w tym tygodniu przedstawia si\u0119 nast\u0119puj\u0105co:<br>Poniedzia\u0142ek,<strong>&nbsp;25 stycznia<\/strong>&nbsp;\u2013 ul. Kr\u00f3tka, ul. Skrajna<br>Wtorek,&nbsp;<strong>26 stycznia<\/strong>&nbsp;\u2013 ul. Le\u015bna, ul. Parkowa, ul. Wschodnia<br>\u015aroda,&nbsp;<strong>27 stycznia<\/strong>&nbsp;\u2013 ul. Sportowa<\/p>\n\n\n\n<p>* W tych dniach podczas Mszy \u015bw. wieczornej o godz. 17.00 prosimy o Bo\u017ce b\u0142ogos\u0142awie\u0144stwo i obfito\u015b\u0107 \u0142ask w Nowym Roku dla mieszka\u0144c\u00f3w poszczeg\u00f3lnych cz\u0119\u015bci naszej parafii. Bardzo prosimy o przyniesienie ze sob\u0105&nbsp;<strong>wody do po\u015bwi\u0119cenia.<\/strong><\/p>\n\n\n\n<p><strong>5.<\/strong>Bardzo dzi\u0119kujemy parafianom, kt\u00f3rzy po\u015bwi\u0119cili sw\u00f3j czas oraz si\u0142y i przygotowali nasze ko\u015bcio\u0142y a tak\u017ce z\u0142o\u017cyli ofiary na kwiaty. By\u0142y to nast\u0119puj\u0105ce osoby: Robert Sroka, Gra\u017cyna Markowska, Ewelina Go\u0142y\u017aniak, Agnieszka Da\u0107ko, Izabela Wo\u017aniak. Ofiary na kwiaty z\u0142o\u017cyli: Katarzyna Sroka, Anna Granda, Pawe\u0142 Sumli\u0144ski, Marianna Do\u0142\u0119ga, Zofia Wrzeszcz, Wioleta W\u0105sik.<\/p>\n\n\n\n<p><strong>6.<\/strong>Kierujemy pro\u015bb\u0119 o przygotowanie ko\u015bcio\u0142\u00f3w w przysz\u0142\u0105 sobot\u0119 o godz. 10.00.<br>Prosimy, aby&nbsp;ko\u015bci\u00f3\u0142 parafialny&nbsp;przygotowa\u0142y osoby: Maria Go\u0142y\u017aniak, Mieczys\u0142awa Drankiewicz, Zofia Wys\u0142obocka, Lidia \u0141abiszewska, Ma\u0142gorzata Karyszyn, Krystyna Garbarczyk, Julia Morasiewicz.<br>Natomiast&nbsp;ko\u015bci\u00f3\u0142 \u201ekolejowy\u201d:&nbsp;Anna Studzi\u0144ska, And\u017celika Majko, Micha\u0142 Klimasz, Katarzyna Papla, Ma\u0142gorzata B\u0105cler, Ewa Wachecka.<\/p>\n\n\n\n<p><strong>7.<\/strong>Rozpoczynamy<strong>&nbsp;bezpo\u015brednie przygotowanie m\u0142odzie\u017cy do sakramentu bierzmowania.&nbsp;<\/strong>Dotyczy ono uczni\u00f3w klas \u00f3smych szko\u0142y podstawowej i uczni\u00f3w szk\u00f3\u0142 ponadpodstawowych. Kandydaci otrzymaj\u0105 program poszczeg\u00f3lnych etap\u00f3w przygotowania. B\u0119dzie on do odebrania w przysz\u0142\u0105 niedziel\u0119 w zakrystii po Mszach \u015bwi\u0119tych. Zg\u0142oszenie si\u0119 oznacza\u0107 b\u0119dzie potwierdzenie ch\u0119ci przyj\u0119cia sakramentu bierzmowania.<\/p>\n\n\n\n<p><strong>8.<\/strong>Dzi\u0119kujemy za ofiary z\u0142o\u017cone w ubieg\u0142\u0105 niedziel\u0119 do puszki w ramach pomocy ofiarom trz\u0119sienia ziemi w Chorwacji.<\/p>\n\n\n\n<p><strong>9.<\/strong>W przysz\u0142\u0105 niedziel\u0119 b\u0119dzie mo\u017cna naby\u0107 najnowsz\u0105 p\u0142yt\u0119 z muzyk\u0105 znanego chrze\u015bcija\u0144skiego zespo\u0142u Trzecia Godzina Dnia (TGD). Kupuj\u0105c p\u0142yt\u0119 wspieramy dzia\u0142alno\u015b\u0107 zespo\u0142u w nie\u0142atwym dla muzyk\u00f3w czasie pandemii.<\/p>\n\n\n\n<p><strong>10.<\/strong>&nbsp;Do nabycia s\u0105 nowe numery tygodnik\u00f3w \u201eNiedziela\u201d i \u201eGo\u015b\u0107 Niedzielny\u201d.<\/p>\n\n\n\n<p><strong>11.<\/strong>&nbsp;Wszystkim naszym Drogim Parafianom \u017cyczymy b\u0142ogos\u0142awionego, spokojnego i dobrze prze\u017cytego tygodnia.&nbsp;<\/p>\n","protected":false},"excerpt":{"rendered":"<p>Og\u0142oszenia parafialne III NIEDZIELA \u201eW CI\u0104GU ROKU\u201d, 24 STYCZNIA 2021 ROKU 1.&nbsp;Dzisiaj prze\u017cywamy Niedziel\u0119 S\u0142owa Bo\u017cego. B\u00f3g swoim S\u0142owem stworzy\u0142 \u015bwiat, przem\u00f3wi\u0142 te\u017c posy\u0142aj\u0105c swojego Syna, Jezusa Chrystusa, aby da\u0107 nam nowe \u017cycie. Przemawia ci\u0105gle do ludzi na kartach Pisma \u015bwi\u0119tego. Czytaj\u0105c Bibli\u0119 s\u0142uchamy Bo\u017cego S\u0142owa, kt\u00f3re jest zawsze aktualne i staje si\u0119 \u015bwiat\u0142em o\u015bwiecaj\u0105cym [&hellip;]<\/p>\n","protected":false},"author":1,"featured_media":1542,"comment_status":"closed","ping_status":"open","sticky":false,"template":"","format":"standard","meta":[],"categories":[4],"tags":[],"_links":{"self":[{"href":"http:\/\/parafiawegliniec.pl\/index.php?rest_route=\/wp\/v2\/posts\/1672"}],"collection":[{"href":"http:\/\/parafiawegliniec.pl\/index.php?rest_route=\/wp\/v2\/posts"}],"about":[{"href":"http:\/\/parafiawegliniec.pl\/index.php?rest_route=\/wp\/v2\/types\/post"}],"author":[{"embeddable":true,"href":"http:\/\/parafiawegliniec.pl\/index.php?rest_route=\/wp\/v2\/users\/1"}],"replies":[{"embeddable":true,"href":"http:\/\/parafiawegliniec.pl\/index.php?rest_route=%2Fwp%2Fv2%2Fcomments&post=1672"}],"version-history":[{"count":1,"href":"http:\/\/parafiawegliniec.pl\/index.php?rest_route=\/wp\/v2\/posts\/1672\/revisions"}],"predecessor-version":[{"id":1673,"href":"http:\/\/parafiawegliniec.pl\/index.php?rest_route=\/wp\/v2\/posts\/1672\/revisions\/1673"}],"wp:featuredmedia":[{"embeddable":true,"href":"http:\/\/parafiawegliniec.pl\/index.php?rest_route=\/wp\/v2\/media\/1542"}],"wp:attachment":[{"href":"http:\/\/parafiawegliniec.pl\/index.php?rest_route=%2Fwp%2Fv2%2Fmedia&parent=1672"}],"wp:term":[{"taxonomy":"category","embeddable":true,"href":"http:\/\/parafiawegliniec.pl\/index.php?rest_route=%2Fwp%2Fv2%2Fcategories&post=1672"},{"taxonomy":"post_tag","embeddable":true,"href":"http:\/\/parafiawegliniec.pl\/index.php?rest_route=%2Fwp%2Fv2%2Ftags&post=1672"}],"curies":[{"name":"wp","href":"https:\/\/api.w.org\/{rel}","templated":true}]}}