{"id":1697,"date":"2021-02-08T13:40:16","date_gmt":"2021-02-08T13:40:16","guid":{"rendered":"http:\/\/parafiawegliniec.pl\/?p=1697"},"modified":"2021-02-08T13:42:00","modified_gmt":"2021-02-08T13:42:00","slug":"ogloszenia-parafialne-5","status":"publish","type":"post","link":"http:\/\/parafiawegliniec.pl\/?p=1697","title":{"rendered":"Og\u0142oszenia parafialne"},"content":{"rendered":"\n<h3 class=\"has-text-align-center has-vivid-cyan-blue-color has-text-color\"><strong>Og\u0142oszenia parafialne<\/strong><\/h3>\n\n\n\n<hr class=\"wp-block-separator is-style-wide\"\/>\n\n\n\n<p class=\"has-text-align-center has-vivid-cyan-blue-color has-text-color\"><strong>V NIEDZIELA \u201eW CI\u0104GU ROKU\u201d, 7 LUTEGO 2021 ROKU<\/strong><\/p>\n\n\n\n<p><strong>1.<\/strong>&nbsp;Prze\u017cywamy&nbsp;<strong>I niedziel\u0119 miesi\u0105ca.<\/strong>&nbsp;Zmiana tajemnic \u017bywego R\u00f3\u017ca\u0144ca dla r\u00f3\u017c \u017ce\u0144skich po Mszy \u015bw. o godz. 10.00 w ko\u015bciele \u201ekolejowym\u201d (bez adoracji Naj\u015bw. Sakramentu) a dla r\u00f3\u017cy dzieci\u0119cej po Mszy \u015bw. o godz. 12.00 r\u00f3wnie\u017c w ko\u015bciele \u201ekolejowym\u201d.<br><strong>Adoracja Naj\u015bwi\u0119tszego Sakramentu w ko\u015bciele parafialnym:<\/strong><br>\u2013 na zako\u0144czenie Mszy \u015bw. o godz. 8.00, po Mszy \u015bw. o godz. 10.00 oraz od 16.30 wraz ze zmian\u0105 tajemnic r\u00f3\u017cy m\u0119skiej.<\/p>\n\n\n\n<p><strong>2. Z kalendarza liturgicznego:&nbsp;<\/strong>w \u015brod\u0119, 10 lutego \u2013 wspomnienie \u015bw. Scholastyki; w czwartek, 11 lutego \u2013 wspomnienie NMP z Lourdes \u2013 \u015awiatowy Dzie\u0144 Chorych.<\/p>\n\n\n\n<p><strong>3. Nowenna do Matki Bo\u017cej Nieustaj\u0105cej Pomocy w \u015brod\u0119, 10 lutego&nbsp;<\/strong>o godz. 17.00. Bezpo\u015brednio po niej Msza \u015bw. Zapisane intencje modlitewne mo\u017cemy sk\u0142ada\u0107 w ci\u0105gu ca\u0142ego tygodnia do skrzynki przygotowanej w tym celu w ko\u015bciele parafialnym.<\/p>\n\n\n\n<p><strong>4.<\/strong>&nbsp;<strong>W czwartek, 11 lutego,<\/strong>&nbsp;we wspomnienie&nbsp;<strong>Naj\u015bwi\u0119tszej Maryi Panny z Lourdes&nbsp;<\/strong>obchodzimy&nbsp;<strong>\u015awiatowy Dzie\u0144 Chorych.<\/strong>&nbsp;Msze \u015bwi\u0119te w tym dniu o godz. 8.00 w ko\u015bciele parafialnym i o godz. 17.00 w ko\u015bciele \u201ekolejowym\u201d. Na zako\u0144czenie Mszy \u015bwi\u0119tych adoracja Naj\u015bwi\u0119tszego Sakramentu z modlitw\u0105 zawierzenia os\u00f3b chorych i tych, kt\u00f3rzy si\u0119 nimi opiekuj\u0105 oraz b\u0142ogos\u0142awie\u0144stwo.<\/p>\n\n\n\n<p><strong>5.<\/strong>&nbsp;Na kolejne&nbsp;<strong>spotkanie modlitewne \u2013 \u201eWiecz\u00f3r z Jezusem\u201d<\/strong>, czyli uwielbienie Jezusa w Naj\u015bwi\u0119tszym Sakramencie zapraszamy w&nbsp;<strong>pi\u0105tek, 12 lutego do ko\u015bcio\u0142a parafialnego na&nbsp;<\/strong><strong>godz. 19.30.<\/strong><\/p>\n\n\n\n<p><strong>6.<\/strong>Bardzo dzi\u0119kujemy parafianom, kt\u00f3rzy po\u015bwi\u0119cili sw\u00f3j czas oraz si\u0142y i przygotowali nasze ko\u015bcio\u0142y a tak\u017ce z\u0142o\u017cyli ofiary na kwiaty. By\u0142y to nast\u0119puj\u0105ce osoby: Ma\u0142gorzata Olszowy, Agnieszka Janaszak, Maria Plewi\u0144ska, Olgierd Zieli\u0144ski, Monika Wi\u015bniewska, Gra\u017cyna Furma\u0144ska, Gabriela Naskr\u0119t, Maria Czechowska, Agnieszka Szybowicz, Danuta \u0141a\u0144cuta, Maria Karcz, Bo\u017cena Kleszcz, Kazimiera Stawecka.&nbsp;<\/p>\n\n\n\n<p>Ofiary na kwiaty z\u0142o\u017cy\u0142y: El\u017cbieta Ch\u0142opecka, Eugenia Martyneczko, Katarzyna Michaluk, Aneta Oreszczuk, Ewa Wachecka, Ma\u0142gorzata B\u0105cler.<\/p>\n\n\n\n<p>Sk\u0142adamy serdeczne podzi\u0119kowanie osobom, kt\u00f3re w ubieg\u0142y wtorek zaanga\u017cowa\u0142y si\u0119 w porz\u0105dkowanie naszych ko\u015bcio\u0142\u00f3w i sprz\u0105tanie dekoracji bo\u017conarodzeniowych.<\/p>\n\n\n\n<p><strong>7.<\/strong>Kierujemy pro\u015bb\u0119 o przygotowanie ko\u015bcio\u0142\u00f3w w przysz\u0142\u0105 sobot\u0119 o godz. 10.00.<br>Prosimy, aby&nbsp;ko\u015bci\u00f3\u0142 parafialny&nbsp;przygotowa\u0142y osoby: Jolanta Frelich, Halina Sudnik, Anna Strugalska, Irena Majdziak, Sabina Burda, Katarzyna Osak.<br>Natomiast&nbsp;ko\u015bci\u00f3\u0142 \u201ekolejowy\u201d:&nbsp;Aleksandra Wojdy\u0142o, Jakub Biardzki, El\u017cbieta \u0141a\u0144cuta, Zofia \u017bmuda, El\u017cbieta Osi\u0144ska, Ewelina \u017belazna.<\/p>\n\n\n\n<p><strong>8.<\/strong>Do nabycia s\u0105 nowe numery tygodnik\u00f3w \u201eNiedziela\u201d i \u201eGo\u015b\u0107 Niedzielny\u201d, miesi\u0119cznik dla dzieci \u201eMa\u0142y Go\u015b\u0107 Niedzielny\u201d oraz ksi\u0105\u017ceczki z modlitwami na czas pandemii.<\/p>\n\n\n\n<p><strong>9.<\/strong>Za tydzie\u0144, 14 lutego, w II niedziel\u0119 miesi\u0105ca, zgodnie ze zwyczajem ofiary zebrane na tac\u0119 przeznaczone zostan\u0105 na cele remontowo-budowlane naszej parafii.<\/p>\n\n\n\n<p><strong>10.<\/strong>&nbsp;Wszystkim naszym Drogim Parafianom \u017cyczymy Bo\u017cego prowadzenia i potrzebnych \u0142ask w nowym tygodniu oraz opieki Matki Naj\u015bwi\u0119tszej.<\/p>\n","protected":false},"excerpt":{"rendered":"<p>Og\u0142oszenia parafialne V NIEDZIELA \u201eW CI\u0104GU ROKU\u201d, 7 LUTEGO 2021 ROKU 1.&nbsp;Prze\u017cywamy&nbsp;I niedziel\u0119 miesi\u0105ca.&nbsp;Zmiana tajemnic \u017bywego R\u00f3\u017ca\u0144ca dla r\u00f3\u017c \u017ce\u0144skich po Mszy \u015bw. o godz. 10.00 w ko\u015bciele \u201ekolejowym\u201d (bez adoracji Naj\u015bw. Sakramentu) a dla r\u00f3\u017cy dzieci\u0119cej po Mszy \u015bw. o godz. 12.00 r\u00f3wnie\u017c w ko\u015bciele \u201ekolejowym\u201d.Adoracja Naj\u015bwi\u0119tszego Sakramentu w ko\u015bciele parafialnym:\u2013 na zako\u0144czenie Mszy [&hellip;]<\/p>\n","protected":false},"author":1,"featured_media":1542,"comment_status":"closed","ping_status":"open","sticky":false,"template":"","format":"standard","meta":[],"categories":[4],"tags":[],"_links":{"self":[{"href":"http:\/\/parafiawegliniec.pl\/index.php?rest_route=\/wp\/v2\/posts\/1697"}],"collection":[{"href":"http:\/\/parafiawegliniec.pl\/index.php?rest_route=\/wp\/v2\/posts"}],"about":[{"href":"http:\/\/parafiawegliniec.pl\/index.php?rest_route=\/wp\/v2\/types\/post"}],"author":[{"embeddable":true,"href":"http:\/\/parafiawegliniec.pl\/index.php?rest_route=\/wp\/v2\/users\/1"}],"replies":[{"embeddable":true,"href":"http:\/\/parafiawegliniec.pl\/index.php?rest_route=%2Fwp%2Fv2%2Fcomments&post=1697"}],"version-history":[{"count":1,"href":"http:\/\/parafiawegliniec.pl\/index.php?rest_route=\/wp\/v2\/posts\/1697\/revisions"}],"predecessor-version":[{"id":1698,"href":"http:\/\/parafiawegliniec.pl\/index.php?rest_route=\/wp\/v2\/posts\/1697\/revisions\/1698"}],"wp:featuredmedia":[{"embeddable":true,"href":"http:\/\/parafiawegliniec.pl\/index.php?rest_route=\/wp\/v2\/media\/1542"}],"wp:attachment":[{"href":"http:\/\/parafiawegliniec.pl\/index.php?rest_route=%2Fwp%2Fv2%2Fmedia&parent=1697"}],"wp:term":[{"taxonomy":"category","embeddable":true,"href":"http:\/\/parafiawegliniec.pl\/index.php?rest_route=%2Fwp%2Fv2%2Fcategories&post=1697"},{"taxonomy":"post_tag","embeddable":true,"href":"http:\/\/parafiawegliniec.pl\/index.php?rest_route=%2Fwp%2Fv2%2Ftags&post=1697"}],"curies":[{"name":"wp","href":"https:\/\/api.w.org\/{rel}","templated":true}]}}