{"id":1718,"date":"2021-02-16T07:43:00","date_gmt":"2021-02-16T07:43:00","guid":{"rendered":"http:\/\/parafiawegliniec.pl\/?p=1718"},"modified":"2021-02-16T07:43:49","modified_gmt":"2021-02-16T07:43:49","slug":"nabozenstwa-wielkopostne","status":"publish","type":"post","link":"http:\/\/parafiawegliniec.pl\/?p=1718","title":{"rendered":"Nabo\u017ce\u0144stwa Wielkopostne"},"content":{"rendered":"\n<p>Droga Krzy\u017cowa &#8211; pi\u0105tek godz. 9:00 i 17:00<\/p>\n\n\n\n<p>Gorzkie \u017bale &#8211; niedziela godz. 16:15<\/p>\n\n\n\n<div class=\"wp-block-image\"><figure class=\"aligncenter size-large is-resized\"><img loading=\"lazy\" src=\"http:\/\/parafiawegliniec.pl\/wp-content\/uploads\/2021\/02\/Droga-krzyzowa-i-gorzkie-zale.png\" alt=\"\" class=\"wp-image-1719\" width=\"855\" height=\"429\"\/><\/figure><\/div>\n","protected":false},"excerpt":{"rendered":"<p>Droga Krzy\u017cowa &#8211; pi\u0105tek godz. 9:00 i 17:00 Gorzkie \u017bale &#8211; niedziela godz. 16:15<\/p>\n","protected":false},"author":1,"featured_media":1719,"comment_status":"closed","ping_status":"open","sticky":false,"template":"","format":"standard","meta":[],"categories":[12],"tags":[],"_links":{"self":[{"href":"http:\/\/parafiawegliniec.pl\/index.php?rest_route=\/wp\/v2\/posts\/1718"}],"collection":[{"href":"http:\/\/parafiawegliniec.pl\/index.php?rest_route=\/wp\/v2\/posts"}],"about":[{"href":"http:\/\/parafiawegliniec.pl\/index.php?rest_route=\/wp\/v2\/types\/post"}],"author":[{"embeddable":true,"href":"http:\/\/parafiawegliniec.pl\/index.php?rest_route=\/wp\/v2\/users\/1"}],"replies":[{"embeddable":true,"href":"http:\/\/parafiawegliniec.pl\/index.php?rest_route=%2Fwp%2Fv2%2Fcomments&post=1718"}],"version-history":[{"count":2,"href":"http:\/\/parafiawegliniec.pl\/index.php?rest_route=\/wp\/v2\/posts\/1718\/revisions"}],"predecessor-version":[{"id":1721,"href":"http:\/\/parafiawegliniec.pl\/index.php?rest_route=\/wp\/v2\/posts\/1718\/revisions\/1721"}],"wp:featuredmedia":[{"embeddable":true,"href":"http:\/\/parafiawegliniec.pl\/index.php?rest_route=\/wp\/v2\/media\/1719"}],"wp:attachment":[{"href":"http:\/\/parafiawegliniec.pl\/index.php?rest_route=%2Fwp%2Fv2%2Fmedia&parent=1718"}],"wp:term":[{"taxonomy":"category","embeddable":true,"href":"http:\/\/parafiawegliniec.pl\/index.php?rest_route=%2Fwp%2Fv2%2Fcategories&post=1718"},{"taxonomy":"post_tag","embeddable":true,"href":"http:\/\/parafiawegliniec.pl\/index.php?rest_route=%2Fwp%2Fv2%2Ftags&post=1718"}],"curies":[{"name":"wp","href":"https:\/\/api.w.org\/{rel}","templated":true}]}}