{"id":1971,"date":"2021-06-08T11:28:26","date_gmt":"2021-06-08T11:28:26","guid":{"rendered":"http:\/\/parafiawegliniec.pl\/?p=1971"},"modified":"2021-06-08T11:34:34","modified_gmt":"2021-06-08T11:34:34","slug":"odpust-parafialny-ku-czci-najswietszego-serca-pana-jezusa-11-06-2021-r","status":"publish","type":"post","link":"http:\/\/parafiawegliniec.pl\/?p=1971","title":{"rendered":"Odpust parafialny ku czci Naj\u015bwi\u0119tszego Serca Pana Jezusa &#8211; 11.06.2021 r."},"content":{"rendered":"\n<p class=\"has-text-align-left\"><strong>11 czerwca<\/strong> b\u0119dziemy prze\u017cywa\u0107 patronalne \u015bwi\u0119to naszej Parafii. Odpust jest nie tylko prze\u017cyciem zewn\u0119trznym, ale przede wszystkim duchowym darem. Jest to czas \u0142aski, kt\u00f3r\u0105 mo\u017cemy przyj\u0105\u0107 dla siebie lub ofiarowa\u0107 za osob\u0119 zmar\u0142\u0105, aby oczyszczona z grzech\u00f3w, osi\u0105gn\u0119\u0142a niebo.<br><strong>Msze \u015bwi\u0119te odpustowe<\/strong>\u00a0w najbli\u017cszy pi\u0105tek w ko\u015bciele parafialnym\u00a0<strong>o godz. 8.00 i 16.00. G\u0142\u00f3wna Eucharystia odpustowa o godz. 18.00. B\u0119dzie jej przewodniczy\u0142 biskup legnicki Zbigniew Kiernikowski, kt\u00f3ry udzieli Sakramentu Bierzmowania<\/strong>\u00a016 m\u0142odym osobom z naszej Parafii. Przyb\u0119d\u0105 tak\u017ce kap\u0142ani z naszego dekanatu.<br>Przygotujmy si\u0119 do tego wa\u017cnego dnia poprzez skorzystanie w ci\u0105gu tygodnia z sakramentu pokuty. Bardzo prosimy o obecno\u015b\u0107 na Mszy \u015bw. odpustowej o godz. 18.00 poczt\u00f3w sztandarowych, os\u00f3b nios\u0105cych chor\u0105gwie i baldachim oraz figurki. To \u015awi\u0119to ca\u0142ej naszej wsp\u00f3lnoty parafialnej, niech nie zabraknie nikogo z nas.<\/p>\n\n\n\n<figure class=\"wp-block-image size-full\"><img loading=\"lazy\" width=\"1131\" height=\"1602\" src=\"http:\/\/parafiawegliniec.pl\/wp-content\/uploads\/2021\/06\/Plakat-odpust.png\" alt=\"\" class=\"wp-image-1972\" srcset=\"http:\/\/parafiawegliniec.pl\/wp-content\/uploads\/2021\/06\/Plakat-odpust.png 1131w, http:\/\/parafiawegliniec.pl\/wp-content\/uploads\/2021\/06\/Plakat-odpust-212x300.png 212w, http:\/\/parafiawegliniec.pl\/wp-content\/uploads\/2021\/06\/Plakat-odpust-723x1024.png 723w, http:\/\/parafiawegliniec.pl\/wp-content\/uploads\/2021\/06\/Plakat-odpust-768x1088.png 768w, http:\/\/parafiawegliniec.pl\/wp-content\/uploads\/2021\/06\/Plakat-odpust-1084x1536.png 1084w, http:\/\/parafiawegliniec.pl\/wp-content\/uploads\/2021\/06\/Plakat-odpust-900x1275.png 900w, http:\/\/parafiawegliniec.pl\/wp-content\/uploads\/2021\/06\/Plakat-odpust-400x567.png 400w\" sizes=\"(max-width: 1131px) 100vw, 1131px\" \/><\/figure>\n","protected":false},"excerpt":{"rendered":"<p>11 czerwca b\u0119dziemy prze\u017cywa\u0107 patronalne \u015bwi\u0119to naszej Parafii. Odpust jest nie tylko prze\u017cyciem zewn\u0119trznym, ale przede wszystkim duchowym darem. Jest to czas \u0142aski, kt\u00f3r\u0105 mo\u017cemy przyj\u0105\u0107 dla siebie lub ofiarowa\u0107 za osob\u0119 zmar\u0142\u0105, aby oczyszczona z grzech\u00f3w, osi\u0105gn\u0119\u0142a niebo.Msze \u015bwi\u0119te odpustowe\u00a0w najbli\u017cszy pi\u0105tek w ko\u015bciele parafialnym\u00a0o godz. 8.00 i 16.00. G\u0142\u00f3wna Eucharystia odpustowa o godz. [&hellip;]<\/p>\n","protected":false},"author":1,"featured_media":1975,"comment_status":"closed","ping_status":"open","sticky":false,"template":"","format":"standard","meta":[],"categories":[12,3],"tags":[],"_links":{"self":[{"href":"http:\/\/parafiawegliniec.pl\/index.php?rest_route=\/wp\/v2\/posts\/1971"}],"collection":[{"href":"http:\/\/parafiawegliniec.pl\/index.php?rest_route=\/wp\/v2\/posts"}],"about":[{"href":"http:\/\/parafiawegliniec.pl\/index.php?rest_route=\/wp\/v2\/types\/post"}],"author":[{"embeddable":true,"href":"http:\/\/parafiawegliniec.pl\/index.php?rest_route=\/wp\/v2\/users\/1"}],"replies":[{"embeddable":true,"href":"http:\/\/parafiawegliniec.pl\/index.php?rest_route=%2Fwp%2Fv2%2Fcomments&post=1971"}],"version-history":[{"count":2,"href":"http:\/\/parafiawegliniec.pl\/index.php?rest_route=\/wp\/v2\/posts\/1971\/revisions"}],"predecessor-version":[{"id":1979,"href":"http:\/\/parafiawegliniec.pl\/index.php?rest_route=\/wp\/v2\/posts\/1971\/revisions\/1979"}],"wp:featuredmedia":[{"embeddable":true,"href":"http:\/\/parafiawegliniec.pl\/index.php?rest_route=\/wp\/v2\/media\/1975"}],"wp:attachment":[{"href":"http:\/\/parafiawegliniec.pl\/index.php?rest_route=%2Fwp%2Fv2%2Fmedia&parent=1971"}],"wp:term":[{"taxonomy":"category","embeddable":true,"href":"http:\/\/parafiawegliniec.pl\/index.php?rest_route=%2Fwp%2Fv2%2Fcategories&post=1971"},{"taxonomy":"post_tag","embeddable":true,"href":"http:\/\/parafiawegliniec.pl\/index.php?rest_route=%2Fwp%2Fv2%2Ftags&post=1971"}],"curies":[{"name":"wp","href":"https:\/\/api.w.org\/{rel}","templated":true}]}}