{"id":1988,"date":"2021-06-14T08:11:12","date_gmt":"2021-06-14T08:11:12","guid":{"rendered":"http:\/\/parafiawegliniec.pl\/?p=1988"},"modified":"2021-06-14T08:12:31","modified_gmt":"2021-06-14T08:12:31","slug":"odpust-parafialny-11-czerwca-2021-r-relacja","status":"publish","type":"post","link":"http:\/\/parafiawegliniec.pl\/?p=1988","title":{"rendered":"Odpust parafialny &#8211; 11 czerwca 2021 r &#8211; relacja"},"content":{"rendered":"\n<p class=\"has-text-align-center\"><em>Naj\u015bwi\u0119tsze Serce Bo\u017ce,<\/em> <em>po\u015bwi\u0119camy Ci, nasz\u0105 Ojczyzn\u0119, miasta i wioski, nasze rodziny i nas samych&#8230;<\/em><\/p>\n\n\n\n<p><\/p>\n\n\n\n<p>Tymi s\u0142owami z ufno\u015bci\u0105 powierzali\u015bmy si\u0119 Jezusowi, wyra\u017caj\u0105c uwielbienie oraz dzi\u0119kczynienie za Jego obecno\u015b\u0107 w naszym \u017cyciu, za bezmiar mi\u0142o\u015bci i \u0142ask, jakich od Niego do\u015bwiadczamy.<\/p>\n\n\n\n<p>11 czerwca Ko\u015bci\u00f3\u0142 Katolicki obchodzi\u0142 Uroczysto\u015b\u0107 Naj\u015bwi\u0119tszego Serca Pana Jezusa, a nasza parafia w tym dniu obchodzi\u0142a dwa pi\u0119kne wydarzenia &#8211; odpust parafialny oraz bierzmowanie. G\u0142\u00f3wn\u0105 Msz\u0119 \u015aw. odpustow\u0105 o godz. 18.00 sprawowa\u0142 biskup legnicki Zbigniew Kiernikowski, kt\u00f3ry udzieli\u0142 r\u00f3wnie\u017c Sakramentu Bierzmowania 16 m\u0142odym osobom z naszej Parafii. Uroczysto\u015b\u0107 odpustowa zako\u0144czy\u0142a si\u0119 Procesj\u0105 Eucharystyczn\u0105 wok\u00f3\u0142 ko\u015bcio\u0142a parafialnego, w kt\u00f3rej wzi\u0119li udzia\u0142 zgromadzeni wierni, m\u0142odzie\u017c bierzmowana wraz z rodzinami, ksi\u0119\u017ca z dekanatu W\u0119gliniec, poczty sztandarowe, ministranci, oraz dzieci sypi\u0105ce kwiaty.<\/p>\n\n\n\n<p>Dzi\u0119kujemy wszystkim Parafianom, kt\u00f3rzy swoj\u0105 obecno\u015bci\u0105 i modlitw\u0105 przyczynili si\u0119 do u\u015bwietnienia uroczysto\u015bci oraz wyra\u017camy wdzi\u0119czno\u015b\u0107 tym, kt\u00f3rzy zaanga\u017cowali si\u0119 w przygotowanie uroczysto\u015bci.<\/p>\n\n\n\n<p><\/p>\n\n\n\n<p> <\/p>\n\n\n\n[Best_Wordpress_Gallery id=&#8221;105&#8243; gal_title=&#8221;Odpust parafialny 2021&#8243;]\n","protected":false},"excerpt":{"rendered":"<p>Naj\u015bwi\u0119tsze Serce Bo\u017ce, po\u015bwi\u0119camy Ci, nasz\u0105 Ojczyzn\u0119, miasta i wioski, nasze rodziny i nas samych&#8230; Tymi s\u0142owami z ufno\u015bci\u0105 powierzali\u015bmy si\u0119 Jezusowi, wyra\u017caj\u0105c uwielbienie oraz dzi\u0119kczynienie za Jego obecno\u015b\u0107 w naszym \u017cyciu, za bezmiar mi\u0142o\u015bci i \u0142ask, jakich od Niego do\u015bwiadczamy. 11 czerwca Ko\u015bci\u00f3\u0142 Katolicki obchodzi\u0142 Uroczysto\u015b\u0107 Naj\u015bwi\u0119tszego Serca Pana Jezusa, a nasza parafia w [&hellip;]<\/p>\n","protected":false},"author":1,"featured_media":1991,"comment_status":"closed","ping_status":"open","sticky":false,"template":"","format":"standard","meta":[],"categories":[12,8],"tags":[],"_links":{"self":[{"href":"http:\/\/parafiawegliniec.pl\/index.php?rest_route=\/wp\/v2\/posts\/1988"}],"collection":[{"href":"http:\/\/parafiawegliniec.pl\/index.php?rest_route=\/wp\/v2\/posts"}],"about":[{"href":"http:\/\/parafiawegliniec.pl\/index.php?rest_route=\/wp\/v2\/types\/post"}],"author":[{"embeddable":true,"href":"http:\/\/parafiawegliniec.pl\/index.php?rest_route=\/wp\/v2\/users\/1"}],"replies":[{"embeddable":true,"href":"http:\/\/parafiawegliniec.pl\/index.php?rest_route=%2Fwp%2Fv2%2Fcomments&post=1988"}],"version-history":[{"count":2,"href":"http:\/\/parafiawegliniec.pl\/index.php?rest_route=\/wp\/v2\/posts\/1988\/revisions"}],"predecessor-version":[{"id":1992,"href":"http:\/\/parafiawegliniec.pl\/index.php?rest_route=\/wp\/v2\/posts\/1988\/revisions\/1992"}],"wp:featuredmedia":[{"embeddable":true,"href":"http:\/\/parafiawegliniec.pl\/index.php?rest_route=\/wp\/v2\/media\/1991"}],"wp:attachment":[{"href":"http:\/\/parafiawegliniec.pl\/index.php?rest_route=%2Fwp%2Fv2%2Fmedia&parent=1988"}],"wp:term":[{"taxonomy":"category","embeddable":true,"href":"http:\/\/parafiawegliniec.pl\/index.php?rest_route=%2Fwp%2Fv2%2Fcategories&post=1988"},{"taxonomy":"post_tag","embeddable":true,"href":"http:\/\/parafiawegliniec.pl\/index.php?rest_route=%2Fwp%2Fv2%2Ftags&post=1988"}],"curies":[{"name":"wp","href":"https:\/\/api.w.org\/{rel}","templated":true}]}}