{"id":2048,"date":"2021-07-05T18:41:35","date_gmt":"2021-07-05T18:41:35","guid":{"rendered":"http:\/\/parafiawegliniec.pl\/?p=2048"},"modified":"2021-07-05T18:41:36","modified_gmt":"2021-07-05T18:41:36","slug":"peregrynacja-obrazu-sw-jozefa-tematy-dni","status":"publish","type":"post","link":"http:\/\/parafiawegliniec.pl\/?p=2048","title":{"rendered":"Peregrynacja obrazu \u015bw. J\u00f3zefa &#8211; tematy dni"},"content":{"rendered":"\n<p class=\"has-text-align-center has-vivid-cyan-blue-color has-white-background-color has-text-color has-background\"><strong>PEREGRYNACJA OBRAZU \u015aW. J\u00d3ZEFA W DEKANACIE W\u0118GLINIEC<br>KO\u015aCI\u00d3\u0141 PW. NAJ\u015aWI\u0118TSZEGO SERCA PANA JEZUSA W W\u0118GLI\u0143CU<\/strong><\/p>\n\n\n\n<ul class=\"has-black-color has-white-background-color has-text-color has-background\"><li><strong><em>Dzie\u0144 przyjazdu obrazu:<\/em><\/strong><br>SOBOTA, 17 LIPCA 2021 R.<\/li><li>GODZ. 17.30 (przywitanie obrazu \u015bw. J\u00f3zefa)<\/li><li>GODZ. 18.00 \u2013 EUCHARYSTIA<\/li><\/ul>\n\n\n\n<p class=\"has-text-align-center has-vivid-green-cyan-color has-white-background-color has-text-color has-background\">W poszczeg\u00f3lne dni nawiedzenia obrazu \u015bw. J\u00f3zefa, <span style=\"text-decoration: underline;\">podczas Mszy \u015bw. o godz. 18.00<\/span> podejmujemy modlitw\u0119 w nast\u0119puj\u0105cych intencjach:<\/p>\n\n\n\n<p class=\"has-black-color has-white-background-color has-text-color has-background\"><strong>NIEDZIELA, 18 LIPCA 2021 R.<\/strong><br>Modlimy si\u0119 za rodziny Parafii i Dekanatu.<br><strong>PONIEDZIA\u0141EK, 19 LIPCA 2021 R.<br><\/strong>Modlimy si\u0119 za narzeczonych i przygotowuj\u0105cych si\u0119 do sakramentu ma\u0142\u017ce\u0144stwa.<br><strong>WTOREK, 20 LIPCA 2021 R.<br><\/strong>Modlimy si\u0119 za osoby chore, samotne i w podesz\u0142ym wieku.<br><strong>\u015aRODA, 21 LIPCA 2021 R.<br><\/strong>Modlimy si\u0119 za matki w stanie b\u0142ogos\u0142awionym i rodzic\u00f3w oczekuj\u0105cych potomstwa.<br><strong>CZWARTEK, 22 LIPCA 2021 R.<br><\/strong>Modlimy si\u0119 za ma\u0142\u017ce\u0144stwa w podesz\u0142ym wieku oraz wdowy i wdowc\u00f3w.<br><strong>PI\u0104TEK, 23 LIPCA 2021 R.<br><\/strong>Modlimy si\u0119 za ca\u0142\u0105 wsp\u00f3lnot\u0119 parafialn\u0105 oraz dekanaln\u0105.<\/p>\n\n\n\n<ul class=\"has-vivid-red-color has-white-background-color has-text-color has-background\"><li><strong>Dzie\u0144 wyjazdu obrazu:<br><\/strong>SOBOTA, 24 LIPCA, GODZ. 16.00 (po\u017cegnanie obrazu \u015bw. J\u00f3zefa)<\/li><\/ul>\n\n\n\n<p class=\"has-white-background-color has-background\"><\/p>\n","protected":false},"excerpt":{"rendered":"<p>PEREGRYNACJA OBRAZU \u015aW. J\u00d3ZEFA W DEKANACIE W\u0118GLINIECKO\u015aCI\u00d3\u0141 PW. NAJ\u015aWI\u0118TSZEGO SERCA PANA JEZUSA W W\u0118GLI\u0143CU Dzie\u0144 przyjazdu obrazu:SOBOTA, 17 LIPCA 2021 R. GODZ. 17.30 (przywitanie obrazu \u015bw. J\u00f3zefa) GODZ. 18.00 \u2013 EUCHARYSTIA W poszczeg\u00f3lne dni nawiedzenia obrazu \u015bw. J\u00f3zefa, podczas Mszy \u015bw. o godz. 18.00 podejmujemy modlitw\u0119 w nast\u0119puj\u0105cych intencjach: NIEDZIELA, 18 LIPCA 2021 R.Modlimy si\u0119 [&hellip;]<\/p>\n","protected":false},"author":1,"featured_media":2050,"comment_status":"closed","ping_status":"open","sticky":false,"template":"","format":"standard","meta":[],"categories":[12],"tags":[],"_links":{"self":[{"href":"http:\/\/parafiawegliniec.pl\/index.php?rest_route=\/wp\/v2\/posts\/2048"}],"collection":[{"href":"http:\/\/parafiawegliniec.pl\/index.php?rest_route=\/wp\/v2\/posts"}],"about":[{"href":"http:\/\/parafiawegliniec.pl\/index.php?rest_route=\/wp\/v2\/types\/post"}],"author":[{"embeddable":true,"href":"http:\/\/parafiawegliniec.pl\/index.php?rest_route=\/wp\/v2\/users\/1"}],"replies":[{"embeddable":true,"href":"http:\/\/parafiawegliniec.pl\/index.php?rest_route=%2Fwp%2Fv2%2Fcomments&post=2048"}],"version-history":[{"count":2,"href":"http:\/\/parafiawegliniec.pl\/index.php?rest_route=\/wp\/v2\/posts\/2048\/revisions"}],"predecessor-version":[{"id":2051,"href":"http:\/\/parafiawegliniec.pl\/index.php?rest_route=\/wp\/v2\/posts\/2048\/revisions\/2051"}],"wp:featuredmedia":[{"embeddable":true,"href":"http:\/\/parafiawegliniec.pl\/index.php?rest_route=\/wp\/v2\/media\/2050"}],"wp:attachment":[{"href":"http:\/\/parafiawegliniec.pl\/index.php?rest_route=%2Fwp%2Fv2%2Fmedia&parent=2048"}],"wp:term":[{"taxonomy":"category","embeddable":true,"href":"http:\/\/parafiawegliniec.pl\/index.php?rest_route=%2Fwp%2Fv2%2Fcategories&post=2048"},{"taxonomy":"post_tag","embeddable":true,"href":"http:\/\/parafiawegliniec.pl\/index.php?rest_route=%2Fwp%2Fv2%2Ftags&post=2048"}],"curies":[{"name":"wp","href":"https:\/\/api.w.org\/{rel}","templated":true}]}}