{"id":2070,"date":"2021-07-19T06:54:07","date_gmt":"2021-07-19T06:54:07","guid":{"rendered":"http:\/\/parafiawegliniec.pl\/?p=2070"},"modified":"2021-07-19T06:54:08","modified_gmt":"2021-07-19T06:54:08","slug":"peregrynacja-obrazu-sw-jozefa-stale-punkty-programu","status":"publish","type":"post","link":"http:\/\/parafiawegliniec.pl\/?p=2070","title":{"rendered":"Peregrynacja obrazu \u015bw. J\u00f3zefa &#8211; sta\u0142e punkty programu"},"content":{"rendered":"\n<p class=\"has-text-align-center has-vivid-cyan-blue-color has-text-color\"><strong>PEREGRYNACJA OBRAZU \u015aW. J\u00d3ZEFA W DEKANACIE W\u0118GLINIEC<br>KO\u015aCI\u00d3\u0141 PW. NAJ\u015aWI\u0118TSZEGO SERCA PANA JEZUSA W W\u0118GLI\u0143CU<\/strong><\/p>\n\n\n\n<ul><li><strong>Dzie\u0144 przyjazdu obrazu:<\/strong><br>SOBOTA, 17 LIPCA 2021 R.<br>17.30 Przywitanie obrazu \u015bw. J\u00f3zefa<br>18.00 Msza \u015bwi\u0119ta<\/li><\/ul>\n\n\n\n<p class=\"has-text-align-center\"><strong>STA\u0141E PUNKTY PROGRAMU NAWIEDZENIA<br>(OD PONIEDZIA\u0141KU DO PI\u0104TKU)<\/strong><\/p>\n\n\n\n<p class=\"has-text-align-left\">7.00 Msza \u015bwi\u0119ta<br>15.00 \u2013 17.00 Czuwanie modlitewne poszczeg\u00f3lnych Parafii Dekanatu<br>17.30 Nabo\u017ce\u0144stwo w intencjach przypisanych na ka\u017cdy dzie\u0144 nawiedzenia<br>18.00 Msza \u015bwi\u0119ta<\/p>\n\n\n\n<p class=\"has-text-align-center has-vivid-green-cyan-color has-text-color\"><span style=\"text-decoration: underline;\">W poszczeg\u00f3lne dni nawiedzenia obrazu \u015bw. J\u00f3zefa<br>podejmujemy modlitw\u0119 w nast\u0119puj\u0105cych intencjach:<\/span><\/p>\n\n\n\n<ul><li><strong>NIEDZIELA, 18 LIPCA 2021 R.<\/strong><br><span style=\"text-decoration: underline;\">Modlitwa za rodziny Parafii i Dekanatu<\/span><br>Msze \u015bw. z formularza o \u015bw. J\u00f3zefie:<br>Ko\u015bci\u00f3\u0142 parafialny godz. 8.00 i 18.00<br>Ko\u015bci\u00f3\u0142 \u201ekolejowy\u201d godz. 10.00 i 12.00<\/li><li>Na zako\u0144czenie Mszy \u015bwi\u0119tych zawierzenie rodzin opiece \u015bw. J\u00f3zefa<br>15.00 \u2013 17.00 Czuwanie modlitewne Parafii Dekanatu<\/li><\/ul>\n\n\n\n<p><\/p>\n\n\n\n<ul><li><strong>PONIEDZIA\u0141EK, 19 LIPCA 2021 R.<\/strong><br><span style=\"text-decoration: underline;\">Modlitwa za narzeczonych i przygotowuj\u0105cych si\u0119 do sakramentu ma\u0142\u017ce\u0144stwa<\/span><br>17.30 Adoracja Naj\u015bwi\u0119tszego Sakramentu<br>\u2013 modlitwa za narzeczonych i przygotowuj\u0105cych si\u0119 do sakramentu ma\u0142\u017ce\u0144stwa<\/li><\/ul>\n\n\n\n<p><\/p>\n\n\n\n<ul id=\"block-432e1bc1-ff9a-44be-8ae9-cd23bd8c6fbd\"><li><strong>WTOREK, 20 LIPCA 2021 R.<\/strong><br><span style=\"text-decoration: underline;\">Modlitwa za osoby chore, samotne i w podesz\u0142ym wieku<\/span><br>17.30 Nabo\u017ce\u0144stwo w intencji chorych, samotnych i w podesz\u0142ym wieku<\/li><\/ul>\n\n\n\n<p><\/p>\n\n\n\n<ul><li><strong>\u015aRODA, 21 LIPCA 2021 R.<\/strong><br><span style=\"text-decoration: underline;\">Modlitwa za matki w stanie b\u0142ogos\u0142awionym i rodzic\u00f3w oczekuj\u0105cych potomstwa<\/span><br>17.30 Nabo\u017ce\u0144stwo r\u00f3\u017ca\u0144cowe<\/li><\/ul>\n\n\n\n<p><\/p>\n\n\n\n<ul><li><strong>CZWARTEK, 22 LIPCA 2021 R.<\/strong><br><span style=\"text-decoration: underline;\">Modlitwa za ma\u0142\u017ce\u0144stwa w podesz\u0142ym wieku oraz wdowy i wdowc\u00f3w<\/span><br>17.30 Nabo\u017ce\u0144stwo b\u0142agalne do \u015bw. J\u00f3zefa w intencji ma\u0142\u017ce\u0144stw w podesz\u0142ym wieku oraz wd\u00f3w i wdowc\u00f3w<\/li><\/ul>\n\n\n\n<p><\/p>\n\n\n\n<ul><li><strong>PI\u0104TEK, 23 LIPCA 2021 R.<\/strong><br><span style=\"text-decoration: underline;\">Modlitwa za ca\u0142\u0105 wsp\u00f3lnot\u0119 parafialn\u0105 oraz dekanaln\u0105<\/span><br>17.30 Zawierzenie wstawiennictwu \u015bw. J\u00f3zefa wiernych ca\u0142ego Dekanatu<\/li><\/ul>\n\n\n\n<p><\/p>\n\n\n\n<ul><li><strong>Dzie\u0144 wyjazdu obrazu:<\/strong><br>SOBOTA, 24 LIPCA 2021 R.<br>16.00 Po\u017cegnanie obrazu \u015bw. J\u00f3zefa<\/li><\/ul>\n","protected":false},"excerpt":{"rendered":"<p>PEREGRYNACJA OBRAZU \u015aW. J\u00d3ZEFA W DEKANACIE W\u0118GLINIECKO\u015aCI\u00d3\u0141 PW. NAJ\u015aWI\u0118TSZEGO SERCA PANA JEZUSA W W\u0118GLI\u0143CU Dzie\u0144 przyjazdu obrazu:SOBOTA, 17 LIPCA 2021 R.17.30 Przywitanie obrazu \u015bw. J\u00f3zefa18.00 Msza \u015bwi\u0119ta STA\u0141E PUNKTY PROGRAMU NAWIEDZENIA(OD PONIEDZIA\u0141KU DO PI\u0104TKU) 7.00 Msza \u015bwi\u0119ta15.00 \u2013 17.00 Czuwanie modlitewne poszczeg\u00f3lnych Parafii Dekanatu17.30 Nabo\u017ce\u0144stwo w intencjach przypisanych na ka\u017cdy dzie\u0144 nawiedzenia18.00 Msza \u015bwi\u0119ta W [&hellip;]<\/p>\n","protected":false},"author":1,"featured_media":2050,"comment_status":"closed","ping_status":"open","sticky":false,"template":"","format":"standard","meta":[],"categories":[12],"tags":[],"_links":{"self":[{"href":"http:\/\/parafiawegliniec.pl\/index.php?rest_route=\/wp\/v2\/posts\/2070"}],"collection":[{"href":"http:\/\/parafiawegliniec.pl\/index.php?rest_route=\/wp\/v2\/posts"}],"about":[{"href":"http:\/\/parafiawegliniec.pl\/index.php?rest_route=\/wp\/v2\/types\/post"}],"author":[{"embeddable":true,"href":"http:\/\/parafiawegliniec.pl\/index.php?rest_route=\/wp\/v2\/users\/1"}],"replies":[{"embeddable":true,"href":"http:\/\/parafiawegliniec.pl\/index.php?rest_route=%2Fwp%2Fv2%2Fcomments&post=2070"}],"version-history":[{"count":1,"href":"http:\/\/parafiawegliniec.pl\/index.php?rest_route=\/wp\/v2\/posts\/2070\/revisions"}],"predecessor-version":[{"id":2071,"href":"http:\/\/parafiawegliniec.pl\/index.php?rest_route=\/wp\/v2\/posts\/2070\/revisions\/2071"}],"wp:featuredmedia":[{"embeddable":true,"href":"http:\/\/parafiawegliniec.pl\/index.php?rest_route=\/wp\/v2\/media\/2050"}],"wp:attachment":[{"href":"http:\/\/parafiawegliniec.pl\/index.php?rest_route=%2Fwp%2Fv2%2Fmedia&parent=2070"}],"wp:term":[{"taxonomy":"category","embeddable":true,"href":"http:\/\/parafiawegliniec.pl\/index.php?rest_route=%2Fwp%2Fv2%2Fcategories&post=2070"},{"taxonomy":"post_tag","embeddable":true,"href":"http:\/\/parafiawegliniec.pl\/index.php?rest_route=%2Fwp%2Fv2%2Ftags&post=2070"}],"curies":[{"name":"wp","href":"https:\/\/api.w.org\/{rel}","templated":true}]}}