{"id":2321,"date":"2021-10-18T13:31:49","date_gmt":"2021-10-18T13:31:49","guid":{"rendered":"http:\/\/parafiawegliniec.pl\/?p=2321"},"modified":"2021-10-18T13:31:51","modified_gmt":"2021-10-18T13:31:51","slug":"wypominki-2021-r","status":"publish","type":"post","link":"http:\/\/parafiawegliniec.pl\/?p=2321","title":{"rendered":"Wypominki 2021 r."},"content":{"rendered":"\n<p>Zbli\u017ca si\u0119 czas naszej wsp\u00f3lnej, parafialnej modlitwy za zmar\u0142ych. Jest ona wyrazem<br>naszej \u0142\u0105czno\u015bci z nimi, wdzi\u0119czno\u015bci za dobro, kt\u00f3rego do\u015bwiadczyli\u015bmy od naszych<br>bliskich zmar\u0142ych oraz pro\u015bby o rado\u015b\u0107 nieba dla nich. Na stoliku przy wej\u015bciu do ko\u015bcio\u0142a s\u0105<br>do pobrania kartki wypominkowe lub s\u0105 do pobrania na stronie internetowej . Prosimy o czytelne wpisywanie imion i nazwisk zmar\u0142ych, kt\u00f3rzy b\u0119d\u0105 polecani w modlitwie w listopadzie oraz swojego adresu. Wype\u0142nione<br>kartki prosimy sk\u0142ada\u0107 do ko\u0144ca pa\u017adziernika do koszyk\u00f3w, kt\u00f3re b\u0119d\u0105 przygotowane w<br>naszych ko\u015bcio\u0142ach. Dzi\u0119kujemy za ofiary do\u0142\u0105czane przy okazji modlitwy za zmar\u0142ych.<\/p>\n\n\n\n<p><\/p>\n\n\n\n<p>Link do pobrania: <\/p>\n\n\n\n<div class=\"wp-block-file\"><a href=\"http:\/\/parafiawegliniec.pl\/wp-content\/uploads\/2021\/10\/Wypominki.pdf\">Wypominki<\/a><a href=\"http:\/\/parafiawegliniec.pl\/wp-content\/uploads\/2021\/10\/Wypominki.pdf\" class=\"wp-block-file__button\" download>Pobierz<\/a><\/div>\n\n\n\n<p><\/p>\n","protected":false},"excerpt":{"rendered":"<p>Zbli\u017ca si\u0119 czas naszej wsp\u00f3lnej, parafialnej modlitwy za zmar\u0142ych. Jest ona wyrazemnaszej \u0142\u0105czno\u015bci z nimi, wdzi\u0119czno\u015bci za dobro, kt\u00f3rego do\u015bwiadczyli\u015bmy od naszychbliskich zmar\u0142ych oraz pro\u015bby o rado\u015b\u0107 nieba dla nich. Na stoliku przy wej\u015bciu do ko\u015bcio\u0142a s\u0105do pobrania kartki wypominkowe lub s\u0105 do pobrania na stronie internetowej . Prosimy o czytelne wpisywanie imion i nazwisk [&hellip;]<\/p>\n","protected":false},"author":1,"featured_media":2323,"comment_status":"closed","ping_status":"open","sticky":false,"template":"","format":"standard","meta":[],"categories":[1],"tags":[],"_links":{"self":[{"href":"http:\/\/parafiawegliniec.pl\/index.php?rest_route=\/wp\/v2\/posts\/2321"}],"collection":[{"href":"http:\/\/parafiawegliniec.pl\/index.php?rest_route=\/wp\/v2\/posts"}],"about":[{"href":"http:\/\/parafiawegliniec.pl\/index.php?rest_route=\/wp\/v2\/types\/post"}],"author":[{"embeddable":true,"href":"http:\/\/parafiawegliniec.pl\/index.php?rest_route=\/wp\/v2\/users\/1"}],"replies":[{"embeddable":true,"href":"http:\/\/parafiawegliniec.pl\/index.php?rest_route=%2Fwp%2Fv2%2Fcomments&post=2321"}],"version-history":[{"count":1,"href":"http:\/\/parafiawegliniec.pl\/index.php?rest_route=\/wp\/v2\/posts\/2321\/revisions"}],"predecessor-version":[{"id":2324,"href":"http:\/\/parafiawegliniec.pl\/index.php?rest_route=\/wp\/v2\/posts\/2321\/revisions\/2324"}],"wp:featuredmedia":[{"embeddable":true,"href":"http:\/\/parafiawegliniec.pl\/index.php?rest_route=\/wp\/v2\/media\/2323"}],"wp:attachment":[{"href":"http:\/\/parafiawegliniec.pl\/index.php?rest_route=%2Fwp%2Fv2%2Fmedia&parent=2321"}],"wp:term":[{"taxonomy":"category","embeddable":true,"href":"http:\/\/parafiawegliniec.pl\/index.php?rest_route=%2Fwp%2Fv2%2Fcategories&post=2321"},{"taxonomy":"post_tag","embeddable":true,"href":"http:\/\/parafiawegliniec.pl\/index.php?rest_route=%2Fwp%2Fv2%2Ftags&post=2321"}],"curies":[{"name":"wp","href":"https:\/\/api.w.org\/{rel}","templated":true}]}}