{"id":2334,"date":"2021-10-31T22:37:31","date_gmt":"2021-10-31T22:37:31","guid":{"rendered":"http:\/\/parafiawegliniec.pl\/?p=2334"},"modified":"2021-11-09T06:59:00","modified_gmt":"2021-11-09T06:59:00","slug":"plan-modlitwy-wypominkowej","status":"publish","type":"post","link":"http:\/\/parafiawegliniec.pl\/?p=2334","title":{"rendered":"Plan modlitwy wypominkowej"},"content":{"rendered":"\n<p>Zapraszamy na wypominki w naszej parafii w czwartki w ko\u015bciele \u201ekolejowym\u201d, w pozosta\u0142e dni w ko\u015bciele parafialnym. O godz. 17.00 zapraszamy na Msz\u0119 \u015bw., po niej wystawienie Naj\u015bw. Sakramentu i modlitwa<br>r\u00f3\u017ca\u0144cowa, podczas kt\u00f3rej b\u0119dziemy poleca\u0107 imiennie naszych zmar\u0142ych.<\/p>\n\n\n\n<p>Poni\u017cej przedstawiony zosta\u0142 plan modlitwy wypominkowej na ca\u0142y miesi\u0105c w naszej parafii.<\/p>\n\n\n\n<p><\/p>\n\n\n\n<div class=\"wp-block-image\"><figure class=\"aligncenter size-large\"><img loading=\"lazy\" width=\"724\" height=\"1024\" src=\"http:\/\/parafiawegliniec.pl\/wp-content\/uploads\/2021\/11\/Bez-tytulu-724x1024.png\" alt=\"\" class=\"wp-image-2348\" srcset=\"http:\/\/parafiawegliniec.pl\/wp-content\/uploads\/2021\/11\/Bez-tytulu-724x1024.png 724w, http:\/\/parafiawegliniec.pl\/wp-content\/uploads\/2021\/11\/Bez-tytulu-212x300.png 212w, http:\/\/parafiawegliniec.pl\/wp-content\/uploads\/2021\/11\/Bez-tytulu-768x1087.png 768w, http:\/\/parafiawegliniec.pl\/wp-content\/uploads\/2021\/11\/Bez-tytulu-1085x1536.png 1085w, http:\/\/parafiawegliniec.pl\/wp-content\/uploads\/2021\/11\/Bez-tytulu-1447x2048.png 1447w, http:\/\/parafiawegliniec.pl\/wp-content\/uploads\/2021\/11\/Bez-tytulu-900x1274.png 900w, http:\/\/parafiawegliniec.pl\/wp-content\/uploads\/2021\/11\/Bez-tytulu-400x566.png 400w, http:\/\/parafiawegliniec.pl\/wp-content\/uploads\/2021\/11\/Bez-tytulu.png 1566w\" sizes=\"(max-width: 724px) 100vw, 724px\" \/><\/figure><\/div>\n\n\n\n<div class=\"wp-block-image\"><figure class=\"aligncenter size-large\"><img loading=\"lazy\" width=\"793\" height=\"1024\" src=\"http:\/\/parafiawegliniec.pl\/wp-content\/uploads\/2021\/11\/Bez-tytulu2-793x1024.png\" alt=\"\" class=\"wp-image-2349\" srcset=\"http:\/\/parafiawegliniec.pl\/wp-content\/uploads\/2021\/11\/Bez-tytulu2-793x1024.png 793w, http:\/\/parafiawegliniec.pl\/wp-content\/uploads\/2021\/11\/Bez-tytulu2-232x300.png 232w, http:\/\/parafiawegliniec.pl\/wp-content\/uploads\/2021\/11\/Bez-tytulu2-768x992.png 768w, http:\/\/parafiawegliniec.pl\/wp-content\/uploads\/2021\/11\/Bez-tytulu2-1189x1536.png 1189w, http:\/\/parafiawegliniec.pl\/wp-content\/uploads\/2021\/11\/Bez-tytulu2-900x1163.png 900w, http:\/\/parafiawegliniec.pl\/wp-content\/uploads\/2021\/11\/Bez-tytulu2-400x517.png 400w, http:\/\/parafiawegliniec.pl\/wp-content\/uploads\/2021\/11\/Bez-tytulu2.png 1560w\" sizes=\"(max-width: 793px) 100vw, 793px\" \/><\/figure><\/div>\n","protected":false},"excerpt":{"rendered":"<p>Zapraszamy na wypominki w naszej parafii w czwartki w ko\u015bciele \u201ekolejowym\u201d, w pozosta\u0142e dni w ko\u015bciele parafialnym. O godz. 17.00 zapraszamy na Msz\u0119 \u015bw., po niej wystawienie Naj\u015bw. Sakramentu i modlitwar\u00f3\u017ca\u0144cowa, podczas kt\u00f3rej b\u0119dziemy poleca\u0107 imiennie naszych zmar\u0142ych. Poni\u017cej przedstawiony zosta\u0142 plan modlitwy wypominkowej na ca\u0142y miesi\u0105c w naszej parafii.<\/p>\n","protected":false},"author":1,"featured_media":2323,"comment_status":"closed","ping_status":"open","sticky":false,"template":"","format":"standard","meta":[],"categories":[12],"tags":[],"_links":{"self":[{"href":"http:\/\/parafiawegliniec.pl\/index.php?rest_route=\/wp\/v2\/posts\/2334"}],"collection":[{"href":"http:\/\/parafiawegliniec.pl\/index.php?rest_route=\/wp\/v2\/posts"}],"about":[{"href":"http:\/\/parafiawegliniec.pl\/index.php?rest_route=\/wp\/v2\/types\/post"}],"author":[{"embeddable":true,"href":"http:\/\/parafiawegliniec.pl\/index.php?rest_route=\/wp\/v2\/users\/1"}],"replies":[{"embeddable":true,"href":"http:\/\/parafiawegliniec.pl\/index.php?rest_route=%2Fwp%2Fv2%2Fcomments&post=2334"}],"version-history":[{"count":2,"href":"http:\/\/parafiawegliniec.pl\/index.php?rest_route=\/wp\/v2\/posts\/2334\/revisions"}],"predecessor-version":[{"id":2351,"href":"http:\/\/parafiawegliniec.pl\/index.php?rest_route=\/wp\/v2\/posts\/2334\/revisions\/2351"}],"wp:featuredmedia":[{"embeddable":true,"href":"http:\/\/parafiawegliniec.pl\/index.php?rest_route=\/wp\/v2\/media\/2323"}],"wp:attachment":[{"href":"http:\/\/parafiawegliniec.pl\/index.php?rest_route=%2Fwp%2Fv2%2Fmedia&parent=2334"}],"wp:term":[{"taxonomy":"category","embeddable":true,"href":"http:\/\/parafiawegliniec.pl\/index.php?rest_route=%2Fwp%2Fv2%2Fcategories&post=2334"},{"taxonomy":"post_tag","embeddable":true,"href":"http:\/\/parafiawegliniec.pl\/index.php?rest_route=%2Fwp%2Fv2%2Ftags&post=2334"}],"curies":[{"name":"wp","href":"https:\/\/api.w.org\/{rel}","templated":true}]}}