{"id":2857,"date":"2023-09-04T06:45:38","date_gmt":"2023-09-04T06:45:38","guid":{"rendered":"https:\/\/parafiawegliniec.pl\/?p=2857"},"modified":"2023-09-04T06:57:00","modified_gmt":"2023-09-04T06:57:00","slug":"pomoc-dla-marcelinki","status":"publish","type":"post","link":"http:\/\/parafiawegliniec.pl\/?p=2857","title":{"rendered":"POMOC DLA MARCELINKI"},"content":{"rendered":"\n<p>Za tydzie\u0144 w naszym mie\u015bcie wielkie wydarzenie znane na ca\u0142ym Dolnym \u015al\u0105sku, a nawet poza jego granicami \u201e25 edycja \u015awi\u0119ta Grzyb\u00f3w\u201d, na kt\u00f3re zapraszaj\u0105 organizatorzy &#8211; Urz\u0105d Gminy i Miasta W\u0119gliniec oraz Miejsko-Gminne Centrum Kultury.<\/p>\n\n\n\n<p>Podczas tego \u015awi\u0119ta Rada Parafialna wraz z Urz\u0119dem Miasta i Gminy przy\u0142\u0105czaj\u0105 si\u0119 do <strong>akcji zbierania \u015brodk\u00f3w finansowych dla Marcelinki<\/strong> walcz\u0105cej z siatk\u00f3wczakiem, nowotworem kt\u00f3ry zaatakowa\u0142 oba oczka. <\/p>\n\n\n\n<p>Ponownie zwracamy si\u0119 z ogromn\u0105 pro\u015bb\u0105 o wsparcie akcji: upieczenie ciasta, ciasteczek i innych s\u0142odko\u015bci. Ciasta mo\u017cna dostarczy\u0107:<\/p>\n\n\n\n<ul><li>do p. Iwony Basi\u0144skiej &#8211; pi\u0105tek 8 wrze\u015bnia od godz. 16.00<\/li><li>do sali budynku Stra\u017cy Po\u017carnej &#8211; pi\u0105tek 8 wrze\u015bnia od godz. 19.00 do 20.00<\/li><li>do sali budynku Stra\u017cy Po\u017carnej &#8211; sobota 9 wrze\u015bnia od godz. 10.00 do 11.00<\/li><\/ul>\n\n\n\n<p>W zwi\u0105zku z obchodami \u201e\u015awi\u0119ta Grzyb\u00f3w\u201d <strong>w sobot\u0119 i niedziel\u0119 za tydzie\u0144. 9 i 10 wrze\u015bnia Msze \u015bw.. o godz. 18.00 b\u0119d\u0105 odprawione w ko\u015bciele \u201ekolejowym\u201d.<\/strong><\/p>\n\n\n\n<figure class=\"wp-block-image size-full\"><img loading=\"lazy\" width=\"911\" height=\"607\" src=\"http:\/\/parafiawegliniec.pl\/wp-content\/uploads\/2023\/09\/msrcelinka.jpg\" alt=\"\" class=\"wp-image-2858\" srcset=\"http:\/\/parafiawegliniec.pl\/wp-content\/uploads\/2023\/09\/msrcelinka.jpg 911w, http:\/\/parafiawegliniec.pl\/wp-content\/uploads\/2023\/09\/msrcelinka-300x200.jpg 300w, http:\/\/parafiawegliniec.pl\/wp-content\/uploads\/2023\/09\/msrcelinka-768x512.jpg 768w\" sizes=\"(max-width: 911px) 100vw, 911px\" \/><figcaption>Pom\u00f3\u017cmy razem ma\u0142ej Marcelince podczas \u015awi\u0119ta Grzyb\u00f3w.<\/figcaption><\/figure>\n","protected":false},"excerpt":{"rendered":"<p>Za tydzie\u0144 w naszym mie\u015bcie wielkie wydarzenie znane na ca\u0142ym Dolnym \u015al\u0105sku, a nawet poza jego granicami \u201e25 edycja \u015awi\u0119ta Grzyb\u00f3w\u201d, na kt\u00f3re zapraszaj\u0105 organizatorzy &#8211; Urz\u0105d Gminy i Miasta W\u0119gliniec oraz Miejsko-Gminne Centrum Kultury. Podczas tego \u015awi\u0119ta Rada Parafialna wraz z Urz\u0119dem Miasta i Gminy przy\u0142\u0105czaj\u0105 si\u0119 do akcji zbierania \u015brodk\u00f3w finansowych dla Marcelinki [&hellip;]<\/p>\n","protected":false},"author":1,"featured_media":2858,"comment_status":"closed","ping_status":"open","sticky":false,"template":"","format":"standard","meta":[],"categories":[12],"tags":[],"_links":{"self":[{"href":"http:\/\/parafiawegliniec.pl\/index.php?rest_route=\/wp\/v2\/posts\/2857"}],"collection":[{"href":"http:\/\/parafiawegliniec.pl\/index.php?rest_route=\/wp\/v2\/posts"}],"about":[{"href":"http:\/\/parafiawegliniec.pl\/index.php?rest_route=\/wp\/v2\/types\/post"}],"author":[{"embeddable":true,"href":"http:\/\/parafiawegliniec.pl\/index.php?rest_route=\/wp\/v2\/users\/1"}],"replies":[{"embeddable":true,"href":"http:\/\/parafiawegliniec.pl\/index.php?rest_route=%2Fwp%2Fv2%2Fcomments&post=2857"}],"version-history":[{"count":2,"href":"http:\/\/parafiawegliniec.pl\/index.php?rest_route=\/wp\/v2\/posts\/2857\/revisions"}],"predecessor-version":[{"id":2860,"href":"http:\/\/parafiawegliniec.pl\/index.php?rest_route=\/wp\/v2\/posts\/2857\/revisions\/2860"}],"wp:featuredmedia":[{"embeddable":true,"href":"http:\/\/parafiawegliniec.pl\/index.php?rest_route=\/wp\/v2\/media\/2858"}],"wp:attachment":[{"href":"http:\/\/parafiawegliniec.pl\/index.php?rest_route=%2Fwp%2Fv2%2Fmedia&parent=2857"}],"wp:term":[{"taxonomy":"category","embeddable":true,"href":"http:\/\/parafiawegliniec.pl\/index.php?rest_route=%2Fwp%2Fv2%2Fcategories&post=2857"},{"taxonomy":"post_tag","embeddable":true,"href":"http:\/\/parafiawegliniec.pl\/index.php?rest_route=%2Fwp%2Fv2%2Ftags&post=2857"}],"curies":[{"name":"wp","href":"https:\/\/api.w.org\/{rel}","templated":true}]}}