{"id":2905,"date":"2023-11-02T07:30:24","date_gmt":"2023-11-02T07:30:24","guid":{"rendered":"https:\/\/parafiawegliniec.pl\/?p=2905"},"modified":"2023-11-02T07:30:24","modified_gmt":"2023-11-02T07:30:24","slug":"2-listopada-wspomnienie-wszystkich-wiernych-zmarlych-2","status":"publish","type":"post","link":"http:\/\/parafiawegliniec.pl\/?p=2905","title":{"rendered":"2 Listopada &#8211; Wspomnienie Wszystkich Wiernych Zmar\u0142ych"},"content":{"rendered":"\n<p><strong>W czwartek, 2 listopada obchodzimy wspomnienie wszystkich wiernych zmar\u0142ych. <\/strong><\/p>\n\n\n\n<p>Msze \u015bw. zostan\u0105 odprawione o godz. 9.00 w ko\u015bciele parafialnym i o 18.00 w ko\u015bciele kolejowym poprzedzone modlitw\u0105 wypominkow\u0105 za zmar\u0142ych o 17.15. <\/p>\n\n\n\n<p>O godz. 15.30 w Godzinie Mi\u0142osierdzia na cmentarzu zapraszam do modlitwy za zmar\u0142ych.<\/p>\n","protected":false},"excerpt":{"rendered":"<p>W czwartek, 2 listopada obchodzimy wspomnienie wszystkich wiernych zmar\u0142ych. Msze \u015bw. zostan\u0105 odprawione o godz. 9.00 w ko\u015bciele parafialnym i o 18.00 w ko\u015bciele kolejowym poprzedzone modlitw\u0105 wypominkow\u0105 za zmar\u0142ych o 17.15. O godz. 15.30 w Godzinie Mi\u0142osierdzia na cmentarzu zapraszam do modlitwy za zmar\u0142ych.<\/p>\n","protected":false},"author":1,"featured_media":2906,"comment_status":"closed","ping_status":"open","sticky":false,"template":"","format":"standard","meta":[],"categories":[12],"tags":[],"_links":{"self":[{"href":"http:\/\/parafiawegliniec.pl\/index.php?rest_route=\/wp\/v2\/posts\/2905"}],"collection":[{"href":"http:\/\/parafiawegliniec.pl\/index.php?rest_route=\/wp\/v2\/posts"}],"about":[{"href":"http:\/\/parafiawegliniec.pl\/index.php?rest_route=\/wp\/v2\/types\/post"}],"author":[{"embeddable":true,"href":"http:\/\/parafiawegliniec.pl\/index.php?rest_route=\/wp\/v2\/users\/1"}],"replies":[{"embeddable":true,"href":"http:\/\/parafiawegliniec.pl\/index.php?rest_route=%2Fwp%2Fv2%2Fcomments&post=2905"}],"version-history":[{"count":1,"href":"http:\/\/parafiawegliniec.pl\/index.php?rest_route=\/wp\/v2\/posts\/2905\/revisions"}],"predecessor-version":[{"id":2907,"href":"http:\/\/parafiawegliniec.pl\/index.php?rest_route=\/wp\/v2\/posts\/2905\/revisions\/2907"}],"wp:featuredmedia":[{"embeddable":true,"href":"http:\/\/parafiawegliniec.pl\/index.php?rest_route=\/wp\/v2\/media\/2906"}],"wp:attachment":[{"href":"http:\/\/parafiawegliniec.pl\/index.php?rest_route=%2Fwp%2Fv2%2Fmedia&parent=2905"}],"wp:term":[{"taxonomy":"category","embeddable":true,"href":"http:\/\/parafiawegliniec.pl\/index.php?rest_route=%2Fwp%2Fv2%2Fcategories&post=2905"},{"taxonomy":"post_tag","embeddable":true,"href":"http:\/\/parafiawegliniec.pl\/index.php?rest_route=%2Fwp%2Fv2%2Ftags&post=2905"}],"curies":[{"name":"wp","href":"https:\/\/api.w.org\/{rel}","templated":true}]}}