{"id":2912,"date":"2023-11-05T15:44:47","date_gmt":"2023-11-05T15:44:47","guid":{"rendered":"https:\/\/parafiawegliniec.pl\/?p=2912"},"modified":"2023-11-05T15:45:24","modified_gmt":"2023-11-05T15:45:24","slug":"11-listopada-narodowe-swieto-niepodleglosci","status":"publish","type":"post","link":"http:\/\/parafiawegliniec.pl\/?p=2912","title":{"rendered":"11 Listopada &#8211; Narodowe \u015awi\u0119to Niepodleg\u0142o\u015bci"},"content":{"rendered":"\n<p>W sobot\u0119 11 listopada, w liturgiczne wspomnienie \u015bw. Marcina z Tours, obchodzimy <strong>Narodowe \u015awi\u0119to 105. ROCZNICY ODZYSKANIA NIEPODLEG\u0141O\u015aCI<\/strong>.<\/p>\n\n\n\n<p>Uroczysta Msza \u015bw. w intencji naszej Ojczyzny o godz. 11.00 w ko\u015bciele parafialnym. Po Mszy \u015bw. przejdziemy przez park w Marszu Niepodleg\u0142o\u015bciowym pod pomnik i o godz. 12.00 w\u0142\u0105czymy si\u0119 w narodowe \u015bpiewanie Hymnu Pa\u0144stwowego.<\/p>\n\n\n\n<p>Wszystkich parafian zapraszam do modlitwy za nasza Ojczyzn\u0119.<\/p>\n\n\n\n<figure class=\"wp-container-2 wp-block-gallery-1 wp-block-gallery has-nested-images columns-default is-cropped\">\n<figure class=\"wp-block-image size-large\"><img loading=\"lazy\" width=\"725\" height=\"1024\" data-id=\"2913\"  src=\"https:\/\/parafiawegliniec.pl\/wp-content\/uploads\/2023\/11\/11-lis-2023-725x1024.jpg\" alt=\"\" class=\"wp-image-2913\" srcset=\"http:\/\/parafiawegliniec.pl\/wp-content\/uploads\/2023\/11\/11-lis-2023-725x1024.jpg 725w, http:\/\/parafiawegliniec.pl\/wp-content\/uploads\/2023\/11\/11-lis-2023-212x300.jpg 212w, http:\/\/parafiawegliniec.pl\/wp-content\/uploads\/2023\/11\/11-lis-2023-768x1085.jpg 768w, http:\/\/parafiawegliniec.pl\/wp-content\/uploads\/2023\/11\/11-lis-2023-1087x1536.jpg 1087w, http:\/\/parafiawegliniec.pl\/wp-content\/uploads\/2023\/11\/11-lis-2023.jpg 1449w\" sizes=\"(max-width: 725px) 100vw, 725px\" \/><\/figure>\n<\/figure>\n","protected":false},"excerpt":{"rendered":"<p>W sobot\u0119 11 listopada, w liturgiczne wspomnienie \u015bw. Marcina z Tours, obchodzimy Narodowe \u015awi\u0119to 105. ROCZNICY ODZYSKANIA NIEPODLEG\u0141O\u015aCI. Uroczysta Msza \u015bw. w intencji naszej Ojczyzny o godz. 11.00 w ko\u015bciele parafialnym. Po Mszy \u015bw. przejdziemy przez park w Marszu Niepodleg\u0142o\u015bciowym pod pomnik i o godz. 12.00 w\u0142\u0105czymy si\u0119 w narodowe \u015bpiewanie Hymnu Pa\u0144stwowego. Wszystkich parafian [&hellip;]<\/p>\n","protected":false},"author":1,"featured_media":2913,"comment_status":"closed","ping_status":"open","sticky":false,"template":"","format":"standard","meta":[],"categories":[12],"tags":[],"_links":{"self":[{"href":"http:\/\/parafiawegliniec.pl\/index.php?rest_route=\/wp\/v2\/posts\/2912"}],"collection":[{"href":"http:\/\/parafiawegliniec.pl\/index.php?rest_route=\/wp\/v2\/posts"}],"about":[{"href":"http:\/\/parafiawegliniec.pl\/index.php?rest_route=\/wp\/v2\/types\/post"}],"author":[{"embeddable":true,"href":"http:\/\/parafiawegliniec.pl\/index.php?rest_route=\/wp\/v2\/users\/1"}],"replies":[{"embeddable":true,"href":"http:\/\/parafiawegliniec.pl\/index.php?rest_route=%2Fwp%2Fv2%2Fcomments&post=2912"}],"version-history":[{"count":1,"href":"http:\/\/parafiawegliniec.pl\/index.php?rest_route=\/wp\/v2\/posts\/2912\/revisions"}],"predecessor-version":[{"id":2914,"href":"http:\/\/parafiawegliniec.pl\/index.php?rest_route=\/wp\/v2\/posts\/2912\/revisions\/2914"}],"wp:featuredmedia":[{"embeddable":true,"href":"http:\/\/parafiawegliniec.pl\/index.php?rest_route=\/wp\/v2\/media\/2913"}],"wp:attachment":[{"href":"http:\/\/parafiawegliniec.pl\/index.php?rest_route=%2Fwp%2Fv2%2Fmedia&parent=2912"}],"wp:term":[{"taxonomy":"category","embeddable":true,"href":"http:\/\/parafiawegliniec.pl\/index.php?rest_route=%2Fwp%2Fv2%2Fcategories&post=2912"},{"taxonomy":"post_tag","embeddable":true,"href":"http:\/\/parafiawegliniec.pl\/index.php?rest_route=%2Fwp%2Fv2%2Ftags&post=2912"}],"curies":[{"name":"wp","href":"https:\/\/api.w.org\/{rel}","templated":true}]}}