{"id":2922,"date":"2023-11-19T15:43:50","date_gmt":"2023-11-19T15:43:50","guid":{"rendered":"https:\/\/parafiawegliniec.pl\/?p=2922"},"modified":"2023-11-19T15:44:17","modified_gmt":"2023-11-19T15:44:17","slug":"msze-sw-w-okresie-zimowym-od-20-listopada","status":"publish","type":"post","link":"http:\/\/parafiawegliniec.pl\/?p=2922","title":{"rendered":"Msze \u015bw. w okresie zimowym &#8211; od 20 listopada"},"content":{"rendered":"\n<p>Po zmianie czasu na zimowy, od tego tygodnia (20.11) Msze \u015bw. w dni powszednie <strong>od wtorku \u00a0do pi\u0105tku<\/strong> b\u0119d\u0105 odprawiane o godz. 17.00 wy\u0142\u0105cznie w <strong>ko\u015bciele parafialnym<\/strong>.<\/p>\n\n\n\n<p>Porz\u0105dek Mszy \u015bw. w niedziele zostaje bez zmian z wyj\u0105tkiem Mszy \u015bw. <strong>o godz 10.00 w niedziele, kt\u00f3ra b\u0119dzie odprawiana w ko\u015bciele parafialnym<\/strong>.<\/p>\n\n\n\n<p>Poniedzia\u0142ek \u2013 Pi\u0105tek:<\/p>\n\n\n\n<p>\u00a0\u2013 Msze \u015bw. w <strong>ko\u015bciele parafialnym o godz. 17.00<\/strong> (poranna o godz. 7.00 wg og\u0142osze\u0144)<\/p>\n\n\n\n<p>Sobota:<\/p>\n\n\n\n<p>\u2013 Msze \u015bw. w ko\u015bciele parafialnym o godz. 8.00 i 18.00<\/p>\n\n\n\n<p>Niedziela:<\/p>\n\n\n\n<p>\u2013 Msze \u015bw. w ko\u015bciele parafialnym o godz. 8.00, <strong>10.00<\/strong>, 18.00<\/p>\n\n\n\n<p>&#8211; Msza \u015bw. w <strong>ko\u015bciele kolejowym o godz. 12.00<\/strong>.<\/p>\n\n\n\n<figure class=\"wp-block-image size-large\"><img loading=\"lazy\" width=\"1024\" height=\"819\" src=\"https:\/\/parafiawegliniec.pl\/wp-content\/uploads\/2023\/11\/msze-zima-2023-1024x819.jpg\" alt=\"\" class=\"wp-image-2923\" srcset=\"http:\/\/parafiawegliniec.pl\/wp-content\/uploads\/2023\/11\/msze-zima-2023-1024x819.jpg 1024w, http:\/\/parafiawegliniec.pl\/wp-content\/uploads\/2023\/11\/msze-zima-2023-300x240.jpg 300w, http:\/\/parafiawegliniec.pl\/wp-content\/uploads\/2023\/11\/msze-zima-2023-768x614.jpg 768w, http:\/\/parafiawegliniec.pl\/wp-content\/uploads\/2023\/11\/msze-zima-2023.jpg 1200w\" sizes=\"(max-width: 1024px) 100vw, 1024px\" \/><\/figure>\n","protected":false},"excerpt":{"rendered":"<p>Po zmianie czasu na zimowy, od tego tygodnia (20.11) Msze \u015bw. w dni powszednie od wtorku \u00a0do pi\u0105tku b\u0119d\u0105 odprawiane o godz. 17.00 wy\u0142\u0105cznie w ko\u015bciele parafialnym. Porz\u0105dek Mszy \u015bw. w niedziele zostaje bez zmian z wyj\u0105tkiem Mszy \u015bw. o godz 10.00 w niedziele, kt\u00f3ra b\u0119dzie odprawiana w ko\u015bciele parafialnym. Poniedzia\u0142ek \u2013 Pi\u0105tek: \u00a0\u2013 Msze [&hellip;]<\/p>\n","protected":false},"author":1,"featured_media":2923,"comment_status":"closed","ping_status":"open","sticky":false,"template":"","format":"standard","meta":[],"categories":[12],"tags":[],"_links":{"self":[{"href":"http:\/\/parafiawegliniec.pl\/index.php?rest_route=\/wp\/v2\/posts\/2922"}],"collection":[{"href":"http:\/\/parafiawegliniec.pl\/index.php?rest_route=\/wp\/v2\/posts"}],"about":[{"href":"http:\/\/parafiawegliniec.pl\/index.php?rest_route=\/wp\/v2\/types\/post"}],"author":[{"embeddable":true,"href":"http:\/\/parafiawegliniec.pl\/index.php?rest_route=\/wp\/v2\/users\/1"}],"replies":[{"embeddable":true,"href":"http:\/\/parafiawegliniec.pl\/index.php?rest_route=%2Fwp%2Fv2%2Fcomments&post=2922"}],"version-history":[{"count":1,"href":"http:\/\/parafiawegliniec.pl\/index.php?rest_route=\/wp\/v2\/posts\/2922\/revisions"}],"predecessor-version":[{"id":2924,"href":"http:\/\/parafiawegliniec.pl\/index.php?rest_route=\/wp\/v2\/posts\/2922\/revisions\/2924"}],"wp:featuredmedia":[{"embeddable":true,"href":"http:\/\/parafiawegliniec.pl\/index.php?rest_route=\/wp\/v2\/media\/2923"}],"wp:attachment":[{"href":"http:\/\/parafiawegliniec.pl\/index.php?rest_route=%2Fwp%2Fv2%2Fmedia&parent=2922"}],"wp:term":[{"taxonomy":"category","embeddable":true,"href":"http:\/\/parafiawegliniec.pl\/index.php?rest_route=%2Fwp%2Fv2%2Fcategories&post=2922"},{"taxonomy":"post_tag","embeddable":true,"href":"http:\/\/parafiawegliniec.pl\/index.php?rest_route=%2Fwp%2Fv2%2Ftags&post=2922"}],"curies":[{"name":"wp","href":"https:\/\/api.w.org\/{rel}","templated":true}]}}