{"id":3136,"date":"2024-05-13T15:33:03","date_gmt":"2024-05-13T15:33:03","guid":{"rendered":"https:\/\/parafiawegliniec.pl\/?p=3136"},"modified":"2024-05-13T15:33:03","modified_gmt":"2024-05-13T15:33:03","slug":"fatimski-dzien-pokutny","status":"publish","type":"post","link":"http:\/\/parafiawegliniec.pl\/?p=3136","title":{"rendered":"Fatimski Dzie\u0144 Pokutny"},"content":{"rendered":"\n<p>W najbli\u017csz\u0105 \u015brod\u0119&nbsp;<strong>15 maja<\/strong>&nbsp;prze\u017cywa\u0107 b\u0119dziemy kolejny Fatimski Dzie\u0144 Pokutny. Nasz\u0105 modlitw\u0119 rozpoczniemy w&nbsp;<strong>ko\u015bciele kolejowym o godz 17.30<\/strong>&nbsp;Nabo\u017ce\u0144stwem Majowym, bezpo\u015brednio po kt\u00f3rym sprawowana b\u0119dzie Msza \u015bw. Fatimska, po kt\u00f3rej wyjdziemy w Procesji Fatimskiej zako\u0144czonej Apelem Maryjnym.&nbsp;<\/p>\n\n\n\n<p>Do pokutnej fatimskiej modlitwy wszystkich z serca zapraszamy.<\/p>\n\n\n\n<p><\/p>\n","protected":false},"excerpt":{"rendered":"<p>W najbli\u017csz\u0105 \u015brod\u0119&nbsp;15 maja&nbsp;prze\u017cywa\u0107 b\u0119dziemy kolejny Fatimski Dzie\u0144 Pokutny. Nasz\u0105 modlitw\u0119 rozpoczniemy w&nbsp;ko\u015bciele kolejowym o godz 17.30&nbsp;Nabo\u017ce\u0144stwem Majowym, bezpo\u015brednio po kt\u00f3rym sprawowana b\u0119dzie Msza \u015bw. Fatimska, po kt\u00f3rej wyjdziemy w Procesji Fatimskiej zako\u0144czonej Apelem Maryjnym.&nbsp; Do pokutnej fatimskiej modlitwy wszystkich z serca zapraszamy.<\/p>\n","protected":false},"author":1,"featured_media":3137,"comment_status":"closed","ping_status":"open","sticky":false,"template":"","format":"standard","meta":[],"categories":[12],"tags":[],"_links":{"self":[{"href":"http:\/\/parafiawegliniec.pl\/index.php?rest_route=\/wp\/v2\/posts\/3136"}],"collection":[{"href":"http:\/\/parafiawegliniec.pl\/index.php?rest_route=\/wp\/v2\/posts"}],"about":[{"href":"http:\/\/parafiawegliniec.pl\/index.php?rest_route=\/wp\/v2\/types\/post"}],"author":[{"embeddable":true,"href":"http:\/\/parafiawegliniec.pl\/index.php?rest_route=\/wp\/v2\/users\/1"}],"replies":[{"embeddable":true,"href":"http:\/\/parafiawegliniec.pl\/index.php?rest_route=%2Fwp%2Fv2%2Fcomments&post=3136"}],"version-history":[{"count":1,"href":"http:\/\/parafiawegliniec.pl\/index.php?rest_route=\/wp\/v2\/posts\/3136\/revisions"}],"predecessor-version":[{"id":3138,"href":"http:\/\/parafiawegliniec.pl\/index.php?rest_route=\/wp\/v2\/posts\/3136\/revisions\/3138"}],"wp:featuredmedia":[{"embeddable":true,"href":"http:\/\/parafiawegliniec.pl\/index.php?rest_route=\/wp\/v2\/media\/3137"}],"wp:attachment":[{"href":"http:\/\/parafiawegliniec.pl\/index.php?rest_route=%2Fwp%2Fv2%2Fmedia&parent=3136"}],"wp:term":[{"taxonomy":"category","embeddable":true,"href":"http:\/\/parafiawegliniec.pl\/index.php?rest_route=%2Fwp%2Fv2%2Fcategories&post=3136"},{"taxonomy":"post_tag","embeddable":true,"href":"http:\/\/parafiawegliniec.pl\/index.php?rest_route=%2Fwp%2Fv2%2Ftags&post=3136"}],"curies":[{"name":"wp","href":"https:\/\/api.w.org\/{rel}","templated":true}]}}