{"id":3148,"date":"2024-05-19T16:55:00","date_gmt":"2024-05-19T16:55:00","guid":{"rendered":"https:\/\/parafiawegliniec.pl\/?p=3148"},"modified":"2024-05-20T16:55:53","modified_gmt":"2024-05-20T16:55:53","slug":"bialy-tydzien","status":"publish","type":"post","link":"http:\/\/parafiawegliniec.pl\/?p=3148","title":{"rendered":"Bia\u0142y Tydzie\u0144"},"content":{"rendered":"\n<p><strong>Dzisiejsza uroczysto\u015b\u0107 Zes\u0142ania Ducha \u015awi\u0119tego to dzie\u0144 pierwszej Komunii \u015bwi\u0119tej dzieci,<\/strong> kt\u00f3re przygotowa\u0142y si\u0119 wraz z rodzinami do tej radosnej chwili.<\/p>\n\n\n\n<p>Od wtorku 21.05. do pi\u0105tku 24.05.2024 w ko\u015bciele kolejowym dzieci prze\u017cywa\u0107 b\u0119d\u0105 sw\u00f3j bia\u0142y tydzie\u0144. Ka\u017cdego dnia gromadzimy si\u0119 w <strong>ko\u015bciele kolejowym na Mszy \u015bw. o 18:00<\/strong>, aby prze\u017cywa\u0107 bia\u0142y tydzie\u0144. Na zako\u0144czenie tego czasu rozwi\u0105\u017cemy specjalny konkurs z nagrodami dla najm\u0142odszych. Wszystkie dzieci do modlitwy zapraszamy.<\/p>\n","protected":false},"excerpt":{"rendered":"<p>Dzisiejsza uroczysto\u015b\u0107 Zes\u0142ania Ducha \u015awi\u0119tego to dzie\u0144 pierwszej Komunii \u015bwi\u0119tej dzieci, kt\u00f3re przygotowa\u0142y si\u0119 wraz z rodzinami do tej radosnej chwili. Od wtorku 21.05. do pi\u0105tku 24.05.2024 w ko\u015bciele kolejowym dzieci prze\u017cywa\u0107 b\u0119d\u0105 sw\u00f3j bia\u0142y tydzie\u0144. Ka\u017cdego dnia gromadzimy si\u0119 w ko\u015bciele kolejowym na Mszy \u015bw. o 18:00, aby prze\u017cywa\u0107 bia\u0142y tydzie\u0144. Na zako\u0144czenie tego [&hellip;]<\/p>\n","protected":false},"author":1,"featured_media":3149,"comment_status":"closed","ping_status":"open","sticky":false,"template":"","format":"standard","meta":[],"categories":[12],"tags":[],"_links":{"self":[{"href":"http:\/\/parafiawegliniec.pl\/index.php?rest_route=\/wp\/v2\/posts\/3148"}],"collection":[{"href":"http:\/\/parafiawegliniec.pl\/index.php?rest_route=\/wp\/v2\/posts"}],"about":[{"href":"http:\/\/parafiawegliniec.pl\/index.php?rest_route=\/wp\/v2\/types\/post"}],"author":[{"embeddable":true,"href":"http:\/\/parafiawegliniec.pl\/index.php?rest_route=\/wp\/v2\/users\/1"}],"replies":[{"embeddable":true,"href":"http:\/\/parafiawegliniec.pl\/index.php?rest_route=%2Fwp%2Fv2%2Fcomments&post=3148"}],"version-history":[{"count":1,"href":"http:\/\/parafiawegliniec.pl\/index.php?rest_route=\/wp\/v2\/posts\/3148\/revisions"}],"predecessor-version":[{"id":3150,"href":"http:\/\/parafiawegliniec.pl\/index.php?rest_route=\/wp\/v2\/posts\/3148\/revisions\/3150"}],"wp:featuredmedia":[{"embeddable":true,"href":"http:\/\/parafiawegliniec.pl\/index.php?rest_route=\/wp\/v2\/media\/3149"}],"wp:attachment":[{"href":"http:\/\/parafiawegliniec.pl\/index.php?rest_route=%2Fwp%2Fv2%2Fmedia&parent=3148"}],"wp:term":[{"taxonomy":"category","embeddable":true,"href":"http:\/\/parafiawegliniec.pl\/index.php?rest_route=%2Fwp%2Fv2%2Fcategories&post=3148"},{"taxonomy":"post_tag","embeddable":true,"href":"http:\/\/parafiawegliniec.pl\/index.php?rest_route=%2Fwp%2Fv2%2Ftags&post=3148"}],"curies":[{"name":"wp","href":"https:\/\/api.w.org\/{rel}","templated":true}]}}