{"id":3156,"date":"2024-05-27T12:59:00","date_gmt":"2024-05-27T12:59:00","guid":{"rendered":"https:\/\/parafiawegliniec.pl\/?p=3156"},"modified":"2024-05-29T13:00:03","modified_gmt":"2024-05-29T13:00:03","slug":"uroczystosc-bozego-ciala","status":"publish","type":"post","link":"http:\/\/parafiawegliniec.pl\/?p=3156","title":{"rendered":"Uroczysto\u015b\u0107 Bo\u017cego Cia\u0142a"},"content":{"rendered":"\n<p><strong>W najbli\u017cszy czwartek prze\u017cywa\u0107 b\u0119dziemy uroczysto\u015b\u0107 Naj\u015bwi\u0119tszego Cia\u0142a i Krwi Chrystusa Pana. <\/strong>Program Mszy \u015bw. jak w ka\u017cd\u0105 niedziel\u0119. <strong>O godz. 10:00<\/strong> zostanie odprawiona g\u0142\u00f3wna Msza \u015bw. uroczysto\u015bci w <strong>ko\u015bciele kolejowym<\/strong>, po kt\u00f3rej wyjdziemy w procesji z Naj\u015bwi\u0119tszym Sakramentem, zatrzymuj\u0105c si\u0119 przy o\u0142tarzach stacyjnych:<br><strong>1 o\u0142tarz przy ul. Sikorskiego obok numeru 42 (lokomotywa) prosimy o przygotowanie wsp\u00f3lnot\u0119 Kolejarzy; <\/strong><\/p>\n\n\n\n<p><strong>2 o\u0142tarz przy ul. K. Wojty\u0142y nr 8 prosimy o przygotowanie wsp\u00f3lnot\u0119 Matek R\u00f3\u017ca\u0144cowych i Rodziny Dzieci Komunijnych; <\/strong><\/p>\n\n\n\n<p><strong>3 o\u0142tarz przy ul. K. Wojty\u0142y nr 16 (Stra\u017c Po\u017carna) prosimy o przygotowanie naszych Stra\u017cak\u00f3w; <\/strong><\/p>\n\n\n\n<p><strong>4 o\u0142tarz obok ko\u015bcio\u0142a parafialnego ul. Ko\u015bciuszki 20 A (dom katechetyczny) prosimy o przygotowanie M\u0119sk\u0105 Wsp\u00f3lnot\u0119 R\u00f3\u017ca\u0144cow\u0105. <\/strong>Zako\u0144czenie procesji przy grocie obok domu katechetycznego.<\/p>\n\n\n\n<p>&nbsp;&nbsp;&nbsp;&nbsp;&nbsp;&nbsp;&nbsp;&nbsp;&nbsp; W zwi\u0105zku z procesj\u0105 zwracamy si\u0119 z apelem do wszystkich Rodzic\u00f3w dzieci pierwszokomunijnych ale tak\u017ce wszystkich dzieci (m\u0142odsze i starsze), dzieci rocznicowych, aby na procesj\u0119 dziewczynki sypa\u0142y kwiatki, a ch\u0142opcy pomagali przy pocztach sztandarowych. Ka\u017cde dziecko znajdzie swoje miejsce i funkcj\u0119 podczas procesji. Prosimy tak\u017ce wszystkie Panie o pomoc w przygotowaniu kwiatk\u00f3w do sypania dla dzieci uczestnicz\u0105cych w procesji. Ka\u017cdy z nas mo\u017ce pom\u00f3c dzieciom dosypuj\u0105c im kwiatki.<\/p>\n\n\n\n<p>&nbsp;&nbsp;&nbsp;&nbsp;&nbsp;&nbsp;&nbsp;&nbsp;&nbsp; Prosimy tak\u017ce o przygotowanie wszystkich sztandar\u00f3w, feretron\u00f3w na procesj\u0119 Bo\u017cego Cia\u0142a.<\/p>\n\n\n\n<p>Niech uroczysto\u015b\u0107 Bo\u017cego Cia\u0142a b\u0119dzie dla nas radosnym \u015bwi\u0119tem \u015bwiadectwa mi\u0142o\u015bci do Chrystusa Pana, kt\u00f3ry dla nas pozosta\u0142 w Naj\u015bwi\u0119tszym Sakramencie.<\/p>\n","protected":false},"excerpt":{"rendered":"<p>W najbli\u017cszy czwartek prze\u017cywa\u0107 b\u0119dziemy uroczysto\u015b\u0107 Naj\u015bwi\u0119tszego Cia\u0142a i Krwi Chrystusa Pana. Program Mszy \u015bw. jak w ka\u017cd\u0105 niedziel\u0119. O godz. 10:00 zostanie odprawiona g\u0142\u00f3wna Msza \u015bw. uroczysto\u015bci w ko\u015bciele kolejowym, po kt\u00f3rej wyjdziemy w procesji z Naj\u015bwi\u0119tszym Sakramentem, zatrzymuj\u0105c si\u0119 przy o\u0142tarzach stacyjnych:1 o\u0142tarz przy ul. Sikorskiego obok numeru 42 (lokomotywa) prosimy o przygotowanie [&hellip;]<\/p>\n","protected":false},"author":1,"featured_media":2794,"comment_status":"closed","ping_status":"open","sticky":false,"template":"","format":"standard","meta":[],"categories":[12],"tags":[],"_links":{"self":[{"href":"http:\/\/parafiawegliniec.pl\/index.php?rest_route=\/wp\/v2\/posts\/3156"}],"collection":[{"href":"http:\/\/parafiawegliniec.pl\/index.php?rest_route=\/wp\/v2\/posts"}],"about":[{"href":"http:\/\/parafiawegliniec.pl\/index.php?rest_route=\/wp\/v2\/types\/post"}],"author":[{"embeddable":true,"href":"http:\/\/parafiawegliniec.pl\/index.php?rest_route=\/wp\/v2\/users\/1"}],"replies":[{"embeddable":true,"href":"http:\/\/parafiawegliniec.pl\/index.php?rest_route=%2Fwp%2Fv2%2Fcomments&post=3156"}],"version-history":[{"count":1,"href":"http:\/\/parafiawegliniec.pl\/index.php?rest_route=\/wp\/v2\/posts\/3156\/revisions"}],"predecessor-version":[{"id":3157,"href":"http:\/\/parafiawegliniec.pl\/index.php?rest_route=\/wp\/v2\/posts\/3156\/revisions\/3157"}],"wp:featuredmedia":[{"embeddable":true,"href":"http:\/\/parafiawegliniec.pl\/index.php?rest_route=\/wp\/v2\/media\/2794"}],"wp:attachment":[{"href":"http:\/\/parafiawegliniec.pl\/index.php?rest_route=%2Fwp%2Fv2%2Fmedia&parent=3156"}],"wp:term":[{"taxonomy":"category","embeddable":true,"href":"http:\/\/parafiawegliniec.pl\/index.php?rest_route=%2Fwp%2Fv2%2Fcategories&post=3156"},{"taxonomy":"post_tag","embeddable":true,"href":"http:\/\/parafiawegliniec.pl\/index.php?rest_route=%2Fwp%2Fv2%2Ftags&post=3156"}],"curies":[{"name":"wp","href":"https:\/\/api.w.org\/{rel}","templated":true}]}}