{"id":3193,"date":"2024-07-01T13:47:32","date_gmt":"2024-07-01T13:47:32","guid":{"rendered":"https:\/\/parafiawegliniec.pl\/?p=3193"},"modified":"2024-07-01T13:47:32","modified_gmt":"2024-07-01T13:47:32","slug":"pokutny-dzien-fatimski-12-07-2024","status":"publish","type":"post","link":"http:\/\/parafiawegliniec.pl\/?p=3193","title":{"rendered":"Pokutny Dzie\u0144 Fatimski &#8211; 12.07.2024"},"content":{"rendered":"\n<p><strong>Z du\u017cym wyprzedzeniem zapowiadamy, \u017ce pi\u0105tek 12 lipca prze\u017cywa\u0107 b\u0119dziemy kolejny Pokutny Dzie\u0144 Fatimski.<\/strong> Nasz\u0105 modlitw\u0119 rozpoczniemy R\u00f3\u017ca\u0144cem Fatimskim w ko\u015bciele kolejowym o godz. 17:30, bezpo\u015brednio po kt\u00f3rym sprawowana b\u0119dzie Eucharystia za wstawiennictwem Matki Boskiej Fatimskiej zako\u0144czona Procesj\u0105 Fatimsk\u0105 i Apelem Maryjnym. Do Pokutnej Fatimskiej modlitwy wszystkich zapraszamy!<\/p>\n\n\n\n<figure class=\"wp-block-image size-large\"><img loading=\"lazy\" width=\"724\" height=\"1024\" src=\"https:\/\/parafiawegliniec.pl\/wp-content\/uploads\/2024\/07\/POKUTNY-DZIEN-FATIMSKI-lipiec-_24-724x1024.jpg\" alt=\"\" class=\"wp-image-3194\" srcset=\"http:\/\/parafiawegliniec.pl\/wp-content\/uploads\/2024\/07\/POKUTNY-DZIEN-FATIMSKI-lipiec-_24-724x1024.jpg 724w, http:\/\/parafiawegliniec.pl\/wp-content\/uploads\/2024\/07\/POKUTNY-DZIEN-FATIMSKI-lipiec-_24-212x300.jpg 212w, http:\/\/parafiawegliniec.pl\/wp-content\/uploads\/2024\/07\/POKUTNY-DZIEN-FATIMSKI-lipiec-_24-768x1086.jpg 768w, http:\/\/parafiawegliniec.pl\/wp-content\/uploads\/2024\/07\/POKUTNY-DZIEN-FATIMSKI-lipiec-_24-1086x1536.jpg 1086w, http:\/\/parafiawegliniec.pl\/wp-content\/uploads\/2024\/07\/POKUTNY-DZIEN-FATIMSKI-lipiec-_24-1448x2048.jpg 1448w, http:\/\/parafiawegliniec.pl\/wp-content\/uploads\/2024\/07\/POKUTNY-DZIEN-FATIMSKI-lipiec-_24.jpg 1654w\" sizes=\"(max-width: 724px) 100vw, 724px\" \/><\/figure>\n","protected":false},"excerpt":{"rendered":"<p>Z du\u017cym wyprzedzeniem zapowiadamy, \u017ce pi\u0105tek 12 lipca prze\u017cywa\u0107 b\u0119dziemy kolejny Pokutny Dzie\u0144 Fatimski. Nasz\u0105 modlitw\u0119 rozpoczniemy R\u00f3\u017ca\u0144cem Fatimskim w ko\u015bciele kolejowym o godz. 17:30, bezpo\u015brednio po kt\u00f3rym sprawowana b\u0119dzie Eucharystia za wstawiennictwem Matki Boskiej Fatimskiej zako\u0144czona Procesj\u0105 Fatimsk\u0105 i Apelem Maryjnym. Do Pokutnej Fatimskiej modlitwy wszystkich zapraszamy!<\/p>\n","protected":false},"author":1,"featured_media":3137,"comment_status":"closed","ping_status":"open","sticky":false,"template":"","format":"standard","meta":[],"categories":[12],"tags":[],"_links":{"self":[{"href":"http:\/\/parafiawegliniec.pl\/index.php?rest_route=\/wp\/v2\/posts\/3193"}],"collection":[{"href":"http:\/\/parafiawegliniec.pl\/index.php?rest_route=\/wp\/v2\/posts"}],"about":[{"href":"http:\/\/parafiawegliniec.pl\/index.php?rest_route=\/wp\/v2\/types\/post"}],"author":[{"embeddable":true,"href":"http:\/\/parafiawegliniec.pl\/index.php?rest_route=\/wp\/v2\/users\/1"}],"replies":[{"embeddable":true,"href":"http:\/\/parafiawegliniec.pl\/index.php?rest_route=%2Fwp%2Fv2%2Fcomments&post=3193"}],"version-history":[{"count":1,"href":"http:\/\/parafiawegliniec.pl\/index.php?rest_route=\/wp\/v2\/posts\/3193\/revisions"}],"predecessor-version":[{"id":3195,"href":"http:\/\/parafiawegliniec.pl\/index.php?rest_route=\/wp\/v2\/posts\/3193\/revisions\/3195"}],"wp:featuredmedia":[{"embeddable":true,"href":"http:\/\/parafiawegliniec.pl\/index.php?rest_route=\/wp\/v2\/media\/3137"}],"wp:attachment":[{"href":"http:\/\/parafiawegliniec.pl\/index.php?rest_route=%2Fwp%2Fv2%2Fmedia&parent=3193"}],"wp:term":[{"taxonomy":"category","embeddable":true,"href":"http:\/\/parafiawegliniec.pl\/index.php?rest_route=%2Fwp%2Fv2%2Fcategories&post=3193"},{"taxonomy":"post_tag","embeddable":true,"href":"http:\/\/parafiawegliniec.pl\/index.php?rest_route=%2Fwp%2Fv2%2Ftags&post=3193"}],"curies":[{"name":"wp","href":"https:\/\/api.w.org\/{rel}","templated":true}]}}