{"id":3208,"date":"2024-07-21T08:15:14","date_gmt":"2024-07-21T08:15:14","guid":{"rendered":"https:\/\/parafiawegliniec.pl\/?p=3208"},"modified":"2024-07-21T08:15:14","modified_gmt":"2024-07-21T08:15:14","slug":"wspomnienie-sw-krzysztofa-patrona-kierowcow-poswiecenie-pojazdow-w-niedziele-28-lipca","status":"publish","type":"post","link":"http:\/\/parafiawegliniec.pl\/?p=3208","title":{"rendered":"Wspomnienie \u015aw. Krzysztofa &#8211; patrona kierowc\u00f3w. Po\u015bwi\u0119cenie pojazd\u00f3w w niedziel\u0119 28 lipca."},"content":{"rendered":"\n<p><strong>Za tydzie\u0144, w niedziel\u0119 dnia 28 lipca prze\u017cywa\u0107 b\u0119dziemy coroczny Dzie\u0144 \u015bw. Krzysztofa \u2013 Patrona wszystkich Kierowc\u00f3w. <\/strong>Z tej okazji po ka\u017cdej Mszy \u015bw. niedzielnej modli\u0107 si\u0119 b\u0119dziemy za kierowc\u00f3w oraz b\u0142ogos\u0142awi\u0107 b\u0119dziemy pojazdy. Prosimy aby kierowcy ustawiali si\u0119 pojazdami na parkingu przed \u015bwi\u0105tyni\u0105 lub na ulicach najbli\u017cej \u015bwi\u0105tyni.<\/p>\n\n\n\n<p>Podczas modlitwy za kierowc\u00f3w i po\u015bwi\u0119cenia pojazd\u00f3w zbierane b\u0119d\u0105 ofiary na Msz\u0119 \u015bw. za wszystkich kierowc\u00f3w, kt\u00f3ra odprawiona zostanie w uroczysto\u015b\u0107 Wniebowzi\u0119cia Matki Bo\u017cej, tj. w czwartek 15 sierpnia o godz. 12:00 w ko\u015bciele kolejowym. Wszystkich do modlitwy za kierowc\u00f3w oraz na po\u015bwi\u0119cenie pojazd\u00f3w z serca zapraszamy. Niedziela, dnia 28 lipca.<\/p>\n","protected":false},"excerpt":{"rendered":"<p>Za tydzie\u0144, w niedziel\u0119 dnia 28 lipca prze\u017cywa\u0107 b\u0119dziemy coroczny Dzie\u0144 \u015bw. Krzysztofa \u2013 Patrona wszystkich Kierowc\u00f3w. Z tej okazji po ka\u017cdej Mszy \u015bw. niedzielnej modli\u0107 si\u0119 b\u0119dziemy za kierowc\u00f3w oraz b\u0142ogos\u0142awi\u0107 b\u0119dziemy pojazdy. Prosimy aby kierowcy ustawiali si\u0119 pojazdami na parkingu przed \u015bwi\u0105tyni\u0105 lub na ulicach najbli\u017cej \u015bwi\u0105tyni. Podczas modlitwy za kierowc\u00f3w i po\u015bwi\u0119cenia [&hellip;]<\/p>\n","protected":false},"author":1,"featured_media":2815,"comment_status":"closed","ping_status":"open","sticky":false,"template":"","format":"standard","meta":[],"categories":[12],"tags":[],"_links":{"self":[{"href":"http:\/\/parafiawegliniec.pl\/index.php?rest_route=\/wp\/v2\/posts\/3208"}],"collection":[{"href":"http:\/\/parafiawegliniec.pl\/index.php?rest_route=\/wp\/v2\/posts"}],"about":[{"href":"http:\/\/parafiawegliniec.pl\/index.php?rest_route=\/wp\/v2\/types\/post"}],"author":[{"embeddable":true,"href":"http:\/\/parafiawegliniec.pl\/index.php?rest_route=\/wp\/v2\/users\/1"}],"replies":[{"embeddable":true,"href":"http:\/\/parafiawegliniec.pl\/index.php?rest_route=%2Fwp%2Fv2%2Fcomments&post=3208"}],"version-history":[{"count":1,"href":"http:\/\/parafiawegliniec.pl\/index.php?rest_route=\/wp\/v2\/posts\/3208\/revisions"}],"predecessor-version":[{"id":3209,"href":"http:\/\/parafiawegliniec.pl\/index.php?rest_route=\/wp\/v2\/posts\/3208\/revisions\/3209"}],"wp:featuredmedia":[{"embeddable":true,"href":"http:\/\/parafiawegliniec.pl\/index.php?rest_route=\/wp\/v2\/media\/2815"}],"wp:attachment":[{"href":"http:\/\/parafiawegliniec.pl\/index.php?rest_route=%2Fwp%2Fv2%2Fmedia&parent=3208"}],"wp:term":[{"taxonomy":"category","embeddable":true,"href":"http:\/\/parafiawegliniec.pl\/index.php?rest_route=%2Fwp%2Fv2%2Fcategories&post=3208"},{"taxonomy":"post_tag","embeddable":true,"href":"http:\/\/parafiawegliniec.pl\/index.php?rest_route=%2Fwp%2Fv2%2Ftags&post=3208"}],"curies":[{"name":"wp","href":"https:\/\/api.w.org\/{rel}","templated":true}]}}