{"id":3309,"date":"2024-11-01T16:19:40","date_gmt":"2024-11-01T16:19:40","guid":{"rendered":"https:\/\/parafiawegliniec.pl\/?p=3309"},"modified":"2024-11-01T16:19:40","modified_gmt":"2024-11-01T16:19:40","slug":"wspomnienie-wszystkich-zmarlych-dzien-zaduszny","status":"publish","type":"post","link":"http:\/\/parafiawegliniec.pl\/?p=3309","title":{"rendered":"Wspomnienie Wszystkich zmar\u0142ych &#8211; Dzie\u0144 Zaduszny"},"content":{"rendered":"\n<p><strong>W dniach od 01 do 08 listopada mamy mo\u017cliwo\u015b\u0107 zyskania odpustu zupe\u0142nego za naszych bliskich zmar\u0142ych, pod zwyk\u0142ymi warunkami kt\u00f3rymi s\u0105:<\/strong> nawiedzenie cmentarza, przyj\u0119cie Komunii \u015bw., modlitwa w intencjach Ojca \u015awi\u0119tego oraz brak przywi\u0105zania do grzechu. Niech nasze duchowe zaanga\u017cowanie otwiera naszych bliskim bramy nieba.<br><\/p>\n\n\n\n<p><strong>W sobot\u0119 02 listopada prze\u017cywa\u0107 b\u0119dziemy Dzie\u0144 Zaduszny \u2013 Wspomnienie Wszystkich Wiernych Zmar\u0142ych.<\/strong> Msze \u015bw. w naszym ko\u015bciele parafialnym o godz. 9:00 i 18:00. Niech nasza wsp\u00f3lna modlitwa przeprowadza naszych zmar\u0142ych do Bo\u017cego Kr\u00f3lestwa.<\/p>\n","protected":false},"excerpt":{"rendered":"<p>W dniach od 01 do 08 listopada mamy mo\u017cliwo\u015b\u0107 zyskania odpustu zupe\u0142nego za naszych bliskich zmar\u0142ych, pod zwyk\u0142ymi warunkami kt\u00f3rymi s\u0105: nawiedzenie cmentarza, przyj\u0119cie Komunii \u015bw., modlitwa w intencjach Ojca \u015awi\u0119tego oraz brak przywi\u0105zania do grzechu. Niech nasze duchowe zaanga\u017cowanie otwiera naszych bliskim bramy nieba. W sobot\u0119 02 listopada prze\u017cywa\u0107 b\u0119dziemy Dzie\u0144 Zaduszny \u2013 Wspomnienie [&hellip;]<\/p>\n","protected":false},"author":1,"featured_media":2906,"comment_status":"closed","ping_status":"open","sticky":false,"template":"","format":"standard","meta":[],"categories":[12],"tags":[],"_links":{"self":[{"href":"http:\/\/parafiawegliniec.pl\/index.php?rest_route=\/wp\/v2\/posts\/3309"}],"collection":[{"href":"http:\/\/parafiawegliniec.pl\/index.php?rest_route=\/wp\/v2\/posts"}],"about":[{"href":"http:\/\/parafiawegliniec.pl\/index.php?rest_route=\/wp\/v2\/types\/post"}],"author":[{"embeddable":true,"href":"http:\/\/parafiawegliniec.pl\/index.php?rest_route=\/wp\/v2\/users\/1"}],"replies":[{"embeddable":true,"href":"http:\/\/parafiawegliniec.pl\/index.php?rest_route=%2Fwp%2Fv2%2Fcomments&post=3309"}],"version-history":[{"count":1,"href":"http:\/\/parafiawegliniec.pl\/index.php?rest_route=\/wp\/v2\/posts\/3309\/revisions"}],"predecessor-version":[{"id":3310,"href":"http:\/\/parafiawegliniec.pl\/index.php?rest_route=\/wp\/v2\/posts\/3309\/revisions\/3310"}],"wp:featuredmedia":[{"embeddable":true,"href":"http:\/\/parafiawegliniec.pl\/index.php?rest_route=\/wp\/v2\/media\/2906"}],"wp:attachment":[{"href":"http:\/\/parafiawegliniec.pl\/index.php?rest_route=%2Fwp%2Fv2%2Fmedia&parent=3309"}],"wp:term":[{"taxonomy":"category","embeddable":true,"href":"http:\/\/parafiawegliniec.pl\/index.php?rest_route=%2Fwp%2Fv2%2Fcategories&post=3309"},{"taxonomy":"post_tag","embeddable":true,"href":"http:\/\/parafiawegliniec.pl\/index.php?rest_route=%2Fwp%2Fv2%2Ftags&post=3309"}],"curies":[{"name":"wp","href":"https:\/\/api.w.org\/{rel}","templated":true}]}}