{"id":3313,"date":"2024-11-10T13:44:55","date_gmt":"2024-11-10T13:44:55","guid":{"rendered":"https:\/\/parafiawegliniec.pl\/?p=3313"},"modified":"2024-11-10T13:46:00","modified_gmt":"2024-11-10T13:46:00","slug":"11-listopada-narodowe-swieto-niepodleglosci-2","status":"publish","type":"post","link":"http:\/\/parafiawegliniec.pl\/?p=3313","title":{"rendered":"11 Listopada &#8211; Narodowe \u015awi\u0119to Niepodleg\u0142o\u015bci"},"content":{"rendered":"\n<p><strong>W poniedzia\u0142ek 11 listopada prze\u017cywa\u0107 b\u0119dziemy \u015bwi\u0119to Odzyskania Niepodleg\u0142o\u015bci. <\/strong>W naszym ko\u015bciele parafialnym tego dnia Msze \u015bw. wed\u0142ug nast\u0119puj\u0105cego porz\u0105dku: o godz. 9:00; <strong>o godz. 11:00 w intencji Ojczyzny Matki<\/strong>; oraz o godz. 18:00. Do modlitwy za Ojczyzn\u0119 wszystkich z serca zapraszamy.<\/p>\n\n\n\n<figure class=\"wp-block-image size-large\"><img loading=\"lazy\" width=\"724\" height=\"1024\" src=\"http:\/\/parafiawegliniec.pl\/wp-content\/uploads\/2024\/11\/Bezowy_Minimalistyczny_Cukiernia_Plakat_A3-724x1024.png\" alt=\"\" class=\"wp-image-3314\" srcset=\"http:\/\/parafiawegliniec.pl\/wp-content\/uploads\/2024\/11\/Bezowy_Minimalistyczny_Cukiernia_Plakat_A3-724x1024.png 724w, http:\/\/parafiawegliniec.pl\/wp-content\/uploads\/2024\/11\/Bezowy_Minimalistyczny_Cukiernia_Plakat_A3-212x300.png 212w, http:\/\/parafiawegliniec.pl\/wp-content\/uploads\/2024\/11\/Bezowy_Minimalistyczny_Cukiernia_Plakat_A3-768x1086.png 768w, http:\/\/parafiawegliniec.pl\/wp-content\/uploads\/2024\/11\/Bezowy_Minimalistyczny_Cukiernia_Plakat_A3-1086x1536.png 1086w, http:\/\/parafiawegliniec.pl\/wp-content\/uploads\/2024\/11\/Bezowy_Minimalistyczny_Cukiernia_Plakat_A3.png 1414w\" sizes=\"(max-width: 724px) 100vw, 724px\" \/><\/figure>\n","protected":false},"excerpt":{"rendered":"<p>W poniedzia\u0142ek 11 listopada prze\u017cywa\u0107 b\u0119dziemy \u015bwi\u0119to Odzyskania Niepodleg\u0142o\u015bci. W naszym ko\u015bciele parafialnym tego dnia Msze \u015bw. wed\u0142ug nast\u0119puj\u0105cego porz\u0105dku: o godz. 9:00; o godz. 11:00 w intencji Ojczyzny Matki; oraz o godz. 18:00. Do modlitwy za Ojczyzn\u0119 wszystkich z serca zapraszamy.<\/p>\n","protected":false},"author":1,"featured_media":2612,"comment_status":"closed","ping_status":"open","sticky":false,"template":"","format":"standard","meta":[],"categories":[12],"tags":[],"_links":{"self":[{"href":"http:\/\/parafiawegliniec.pl\/index.php?rest_route=\/wp\/v2\/posts\/3313"}],"collection":[{"href":"http:\/\/parafiawegliniec.pl\/index.php?rest_route=\/wp\/v2\/posts"}],"about":[{"href":"http:\/\/parafiawegliniec.pl\/index.php?rest_route=\/wp\/v2\/types\/post"}],"author":[{"embeddable":true,"href":"http:\/\/parafiawegliniec.pl\/index.php?rest_route=\/wp\/v2\/users\/1"}],"replies":[{"embeddable":true,"href":"http:\/\/parafiawegliniec.pl\/index.php?rest_route=%2Fwp%2Fv2%2Fcomments&post=3313"}],"version-history":[{"count":3,"href":"http:\/\/parafiawegliniec.pl\/index.php?rest_route=\/wp\/v2\/posts\/3313\/revisions"}],"predecessor-version":[{"id":3317,"href":"http:\/\/parafiawegliniec.pl\/index.php?rest_route=\/wp\/v2\/posts\/3313\/revisions\/3317"}],"wp:featuredmedia":[{"embeddable":true,"href":"http:\/\/parafiawegliniec.pl\/index.php?rest_route=\/wp\/v2\/media\/2612"}],"wp:attachment":[{"href":"http:\/\/parafiawegliniec.pl\/index.php?rest_route=%2Fwp%2Fv2%2Fmedia&parent=3313"}],"wp:term":[{"taxonomy":"category","embeddable":true,"href":"http:\/\/parafiawegliniec.pl\/index.php?rest_route=%2Fwp%2Fv2%2Fcategories&post=3313"},{"taxonomy":"post_tag","embeddable":true,"href":"http:\/\/parafiawegliniec.pl\/index.php?rest_route=%2Fwp%2Fv2%2Ftags&post=3313"}],"curies":[{"name":"wp","href":"https:\/\/api.w.org\/{rel}","templated":true}]}}