{"id":417,"date":"2017-10-29T18:46:21","date_gmt":"2017-10-29T18:46:21","guid":{"rendered":"http:\/\/parafiawegliniec.pl\/?p=417"},"modified":"2017-11-27T19:00:16","modified_gmt":"2017-11-27T19:00:16","slug":"wszystkich-swietych","status":"publish","type":"post","link":"http:\/\/parafiawegliniec.pl\/?p=417","title":{"rendered":"Wszystkich \u015awi\u0119tych (+galeria)"},"content":{"rendered":"<p style=\"text-align: justify;\">W \u015brod\u0119 \u2013 1 listopada uroczysto\u015b\u0107 Wszystkich \u015awi\u0119tych. Msze \u015bw. o godz.8.00, 10.00 w ko\u015bciele kolejowym oraz o 13.00 na cmentarzu komunalnym. Ofiary skadane w tym dniu przeznaczone s\u0105 na Seminarium Duchowne w Legnicy.<\/p>\n<p style=\"text-align: justify;\">W czwartek o godz.15.30 \u2013 na cmentarzu komunalnym modlitwa r\u00f3\u017ca\u0144cowa w intencji wszystkich zmar\u0142ych Parafian.<\/p>\n<p style=\"text-align: justify;\">Modlitwy za zmar\u0142ych Parafian oraz polecanych w modlitwie \u201ewypominkowej\u201d rozpoczn\u0105 si\u0119 od pi\u0105tku \u2013 3 listopada (w pi\u0105tek o godz.16.30).<\/p>\n<p><strong>Plan modlitwy za Wiernych Zmar\u0142ych:<\/strong><\/p>\n<p>1. 1 Listopad \u2013 uroczysta Msza \u015bw. za wszystkich Zmar\u0142ych na cmentarzu \u2013 13.00<br \/>\n2. 2 Listopad \u2013 czwartek \u2013 modlitwa r\u00f3\u017ca\u0144cowa na cmentarzu \u2013 godz.15.30.<br \/>\n3. 3 listopad \u2013 pi\u0105tek -ul. Wschodnia, ul. Kr\u00f3tka, ul. Skrajna.<br \/>\n4. 4 listopad \u2013 sobota: ul. Daszy\u0144skiego, ul. Ogrodowa, ul. Le\u015bna, ul. Wolna.<br \/>\n5. 6 listopad \u2013 poniedzia\u0142ek: ul. Kolejowa, ul. Sportowa.<br \/>\n6. 7 listopad \u2013 wtorek ul. Kochanowskiego i ul. K. Wojty\u0142y.<br \/>\n7. 8 listopad \u2013 \u015broda: ul. Sikorskiego.<br \/>\n8. 9 listopad \u2013 czwartek: ul. Wojska Polskiego.<br \/>\n9. 10 listopad \u2013 pi\u0105tek: ul. Mickiewicza i ul. Partyzant\u00f3w.<br \/>\n10. 11 listopada: sobota: ul. Ko\u015bciuszki, ul. Pi\u0142sudskiego i bez podanego adresu.<\/p>\n<p><strong>Druga cz\u0119\u015b\u0107 modlitwy za Wiernych Zmar\u0142ych:<\/strong><\/p>\n<p>17 listopad \u2013 pi\u0105tek <strong>( godz.16.30 )<\/strong>: ul. Wschodnia, ul. Kr\u00f3tka i ul. Skrajna.<\/p>\n<p>18 listopad \u2013 sobota <strong>( godz.15.00 )<\/strong>: ul. Daszy\u0144skiego, ul. Ogrodowa, Le\u015bna i ul. Pi\u0142sudskiego<\/p>\n<p>20 listopad \u2013 poniedzia\u0142ek: ul. Kolejowa i ul. Sportowa.<\/p>\n<p>21 listopad &#8211; wtorek: ul. J. Kochanowskiego i ul. K. Wojty\u0142y.<\/p>\n<p>22 listopad \u2013 \u015broda: ul. Sikorskiego.<\/p>\n<p>23 listopad \u2013 czwartek: ul. Wojska Polskiego i ul. Ko\u015bciuszki i bez adresu.<\/p>\n<p>24 listopad \u2013 pi\u0105tek: ul. Mickiewicza i ul. Partyzant\u00f3w.<\/p>\n<p><em><strong>\u201eWieczny odpoczynek racz im da\u0107 Panie!\u201d<\/strong><\/em><\/p>\n<p>[Best_Wordpress_Gallery id=&#8221;22&#8243; gal_title=&#8221;Wszystkich \u015awi\u0119tych 2017&#8243;]<\/p>\n","protected":false},"excerpt":{"rendered":"<p>W \u015brod\u0119 \u2013 1 listopada uroczysto\u015b\u0107 Wszystkich \u015awi\u0119tych. Msze \u015bw. o godz.8.00, 10.00 w ko\u015bciele kolejowym oraz o 13.00 na cmentarzu komunalnym. Ofiary skadane w tym dniu przeznaczone s\u0105 na Seminarium Duchowne w Legnicy. W czwartek o godz.15.30 \u2013 na cmentarzu komunalnym modlitwa r\u00f3\u017ca\u0144cowa w intencji wszystkich zmar\u0142ych Parafian. Modlitwy za zmar\u0142ych Parafian oraz polecanych [&hellip;]<\/p>\n","protected":false},"author":1,"featured_media":419,"comment_status":"closed","ping_status":"open","sticky":false,"template":"","format":"standard","meta":[],"categories":[3],"tags":[],"_links":{"self":[{"href":"http:\/\/parafiawegliniec.pl\/index.php?rest_route=\/wp\/v2\/posts\/417"}],"collection":[{"href":"http:\/\/parafiawegliniec.pl\/index.php?rest_route=\/wp\/v2\/posts"}],"about":[{"href":"http:\/\/parafiawegliniec.pl\/index.php?rest_route=\/wp\/v2\/types\/post"}],"author":[{"embeddable":true,"href":"http:\/\/parafiawegliniec.pl\/index.php?rest_route=\/wp\/v2\/users\/1"}],"replies":[{"embeddable":true,"href":"http:\/\/parafiawegliniec.pl\/index.php?rest_route=%2Fwp%2Fv2%2Fcomments&post=417"}],"version-history":[{"count":6,"href":"http:\/\/parafiawegliniec.pl\/index.php?rest_route=\/wp\/v2\/posts\/417\/revisions"}],"predecessor-version":[{"id":654,"href":"http:\/\/parafiawegliniec.pl\/index.php?rest_route=\/wp\/v2\/posts\/417\/revisions\/654"}],"wp:featuredmedia":[{"embeddable":true,"href":"http:\/\/parafiawegliniec.pl\/index.php?rest_route=\/wp\/v2\/media\/419"}],"wp:attachment":[{"href":"http:\/\/parafiawegliniec.pl\/index.php?rest_route=%2Fwp%2Fv2%2Fmedia&parent=417"}],"wp:term":[{"taxonomy":"category","embeddable":true,"href":"http:\/\/parafiawegliniec.pl\/index.php?rest_route=%2Fwp%2Fv2%2Fcategories&post=417"},{"taxonomy":"post_tag","embeddable":true,"href":"http:\/\/parafiawegliniec.pl\/index.php?rest_route=%2Fwp%2Fv2%2Ftags&post=417"}],"curies":[{"name":"wp","href":"https:\/\/api.w.org\/{rel}","templated":true}]}}