{"id":459,"date":"2017-12-18T20:31:43","date_gmt":"2017-12-18T20:31:43","guid":{"rendered":"http:\/\/parafiawegliniec.pl\/?p=459"},"modified":"2018-01-02T16:28:24","modified_gmt":"2018-01-02T16:28:24","slug":"boze-narodzenie-w-naszej-parafii","status":"publish","type":"post","link":"http:\/\/parafiawegliniec.pl\/?p=459","title":{"rendered":"Bo\u017ce Narodzenie w naszej parafii (+galeria)"},"content":{"rendered":"<p><strong>\u015aWI\u0118TA BO\u017bEGO NARODZENIA W NASZEJ PARAFII<\/strong><br \/>\n(wszystkie Msze \u015bw. w ko\u015bciele kolejowym)<\/p>\n<p><strong>Wigilia Bo\u017cego Narodzenia (niedziela):<\/strong><br \/>\nPasterka &#8211; godz. 22.00 &#8211; msza \u015bw. w intencji wszystkich parafian &#8211; ko\u015bci\u00f3\u0142 kolejowy<\/p>\n<p><strong>Pierwszy dzie\u0144 \u015bwi\u0105t (poniedzia\u0142ek):<\/strong><br \/>\n8.00 &#8211; msza \u015bw. w ko\u015bciele kolejowym<br \/>\n10.00 &#8211; msza \u015bw. w ko\u015bciele kolejowym<br \/>\n12.00 &#8211; msza \u015bw. w ko\u015bciele kolejowym<\/p>\n<p><strong>Drugi dzie\u0144 \u015bwi\u0105t (wtorek):<\/strong><br \/>\n8.00 &#8211; msza \u015bw. w ko\u015bciele kolejowym<br \/>\n10.00 &#8211; msza \u015bw. w ko\u015bciele kolejowym<br \/>\n12.00 &#8211; msza \u015bw. w ko\u015bciele kolejowym<br \/>\n17.00 &#8211; msza \u015bw. w ko\u015bciele kolejowym<\/p>\n<p><strong>Spowied\u017a:<\/strong><br \/>\nZapraszam wszystkich Parafian do przyst\u0105pienia do sakramentu pokuty i pojednania w pi\u0105tek od godz.9.00 \u2013 10.00 oraz od godz.15.30 \u2013 17.00.<br \/>\nBardzo prosz\u0119 nie odk\u0142ada\u0107 spowiedzi na ostatnie dni Adwentu.<\/p>\n<p>[Best_Wordpress_Gallery id=&#8221;25&#8243; gal_title=&#8221;Pasterka 2017&#8243;]<\/p>\n","protected":false},"excerpt":{"rendered":"<p>\u015aWI\u0118TA BO\u017bEGO NARODZENIA W NASZEJ PARAFII (wszystkie Msze \u015bw. w ko\u015bciele kolejowym) Wigilia Bo\u017cego Narodzenia (niedziela): Pasterka &#8211; godz. 22.00 &#8211; msza \u015bw. w intencji wszystkich parafian &#8211; ko\u015bci\u00f3\u0142 kolejowy Pierwszy dzie\u0144 \u015bwi\u0105t (poniedzia\u0142ek): 8.00 &#8211; msza \u015bw. w ko\u015bciele kolejowym 10.00 &#8211; msza \u015bw. w ko\u015bciele kolejowym 12.00 &#8211; msza \u015bw. w ko\u015bciele kolejowym [&hellip;]<\/p>\n","protected":false},"author":1,"featured_media":460,"comment_status":"closed","ping_status":"open","sticky":false,"template":"","format":"standard","meta":[],"categories":[3],"tags":[],"_links":{"self":[{"href":"http:\/\/parafiawegliniec.pl\/index.php?rest_route=\/wp\/v2\/posts\/459"}],"collection":[{"href":"http:\/\/parafiawegliniec.pl\/index.php?rest_route=\/wp\/v2\/posts"}],"about":[{"href":"http:\/\/parafiawegliniec.pl\/index.php?rest_route=\/wp\/v2\/types\/post"}],"author":[{"embeddable":true,"href":"http:\/\/parafiawegliniec.pl\/index.php?rest_route=\/wp\/v2\/users\/1"}],"replies":[{"embeddable":true,"href":"http:\/\/parafiawegliniec.pl\/index.php?rest_route=%2Fwp%2Fv2%2Fcomments&post=459"}],"version-history":[{"count":2,"href":"http:\/\/parafiawegliniec.pl\/index.php?rest_route=\/wp\/v2\/posts\/459\/revisions"}],"predecessor-version":[{"id":467,"href":"http:\/\/parafiawegliniec.pl\/index.php?rest_route=\/wp\/v2\/posts\/459\/revisions\/467"}],"wp:featuredmedia":[{"embeddable":true,"href":"http:\/\/parafiawegliniec.pl\/index.php?rest_route=\/wp\/v2\/media\/460"}],"wp:attachment":[{"href":"http:\/\/parafiawegliniec.pl\/index.php?rest_route=%2Fwp%2Fv2%2Fmedia&parent=459"}],"wp:term":[{"taxonomy":"category","embeddable":true,"href":"http:\/\/parafiawegliniec.pl\/index.php?rest_route=%2Fwp%2Fv2%2Fcategories&post=459"},{"taxonomy":"post_tag","embeddable":true,"href":"http:\/\/parafiawegliniec.pl\/index.php?rest_route=%2Fwp%2Fv2%2Ftags&post=459"}],"curies":[{"name":"wp","href":"https:\/\/api.w.org\/{rel}","templated":true}]}}