{"id":469,"date":"2018-02-10T16:44:33","date_gmt":"2018-02-10T16:44:33","guid":{"rendered":"http:\/\/parafiawegliniec.pl\/?p=469"},"modified":"2018-02-26T11:02:23","modified_gmt":"2018-02-26T11:02:23","slug":"wizyta-duszpasterska-2018","status":"publish","type":"post","link":"http:\/\/parafiawegliniec.pl\/?p=469","title":{"rendered":"Wizyta duszpasterska 2018"},"content":{"rendered":"<p><strong>Plan wizyty duszpasterskiej \u2013 \u201eKol\u0119dy\u201d (26.02-27.02):<\/strong><\/p>\n<p style=\"text-align: justify;\">&#8211; poniedzia\u0142ek: ul. Wschodnia nr 1 \u2013 25.<br \/>\n&#8211; wtorek: ul. Skrajna nr 1 \u2013 23. ( z przerw\u0105 na Msz\u0119 \u015bw.)<\/p>\n<p style=\"text-align: justify;\">Prosz\u0119 o zg\u0142aszanie si\u0119 os\u00f3b lub rodzin, kt\u00f3re z r\u00f3\u017cnych przeszk\u00f3d nie mog\u0142y by\u0107 wcze\u015bniej podczas wizyty duszpasterskiej i chc\u0105 zg\u0142osi\u0107 wizyt\u0119, aby ustali\u0107 dat\u0119 wizyty.<\/p>\n<p style=\"text-align: justify;\">Wizyta duszpasterska od poniedzia\u0142ku do pi\u0105tku rozpoczyna si\u0119 od godz.15.30, w sobot\u0119 od godz.10.00. W razie jakichkolwiek przeszk\u00f3d prosz\u0119 o indywidualne zg\u0142aszanie wizyty duszpasterskiej.<\/p>\n","protected":false},"excerpt":{"rendered":"<p>Plan wizyty duszpasterskiej \u2013 \u201eKol\u0119dy\u201d (26.02-27.02): &#8211; poniedzia\u0142ek: ul. Wschodnia nr 1 \u2013 25. &#8211; wtorek: ul. Skrajna nr 1 \u2013 23. ( z przerw\u0105 na Msz\u0119 \u015bw.) Prosz\u0119 o zg\u0142aszanie si\u0119 os\u00f3b lub rodzin, kt\u00f3re z r\u00f3\u017cnych przeszk\u00f3d nie mog\u0142y by\u0107 wcze\u015bniej podczas wizyty duszpasterskiej i chc\u0105 zg\u0142osi\u0107 wizyt\u0119, aby ustali\u0107 dat\u0119 wizyty. Wizyta [&hellip;]<\/p>\n","protected":false},"author":1,"featured_media":470,"comment_status":"closed","ping_status":"open","sticky":false,"template":"","format":"standard","meta":[],"categories":[3],"tags":[],"_links":{"self":[{"href":"http:\/\/parafiawegliniec.pl\/index.php?rest_route=\/wp\/v2\/posts\/469"}],"collection":[{"href":"http:\/\/parafiawegliniec.pl\/index.php?rest_route=\/wp\/v2\/posts"}],"about":[{"href":"http:\/\/parafiawegliniec.pl\/index.php?rest_route=\/wp\/v2\/types\/post"}],"author":[{"embeddable":true,"href":"http:\/\/parafiawegliniec.pl\/index.php?rest_route=\/wp\/v2\/users\/1"}],"replies":[{"embeddable":true,"href":"http:\/\/parafiawegliniec.pl\/index.php?rest_route=%2Fwp%2Fv2%2Fcomments&post=469"}],"version-history":[{"count":12,"href":"http:\/\/parafiawegliniec.pl\/index.php?rest_route=\/wp\/v2\/posts\/469\/revisions"}],"predecessor-version":[{"id":519,"href":"http:\/\/parafiawegliniec.pl\/index.php?rest_route=\/wp\/v2\/posts\/469\/revisions\/519"}],"wp:featuredmedia":[{"embeddable":true,"href":"http:\/\/parafiawegliniec.pl\/index.php?rest_route=\/wp\/v2\/media\/470"}],"wp:attachment":[{"href":"http:\/\/parafiawegliniec.pl\/index.php?rest_route=%2Fwp%2Fv2%2Fmedia&parent=469"}],"wp:term":[{"taxonomy":"category","embeddable":true,"href":"http:\/\/parafiawegliniec.pl\/index.php?rest_route=%2Fwp%2Fv2%2Fcategories&post=469"},{"taxonomy":"post_tag","embeddable":true,"href":"http:\/\/parafiawegliniec.pl\/index.php?rest_route=%2Fwp%2Fv2%2Ftags&post=469"}],"curies":[{"name":"wp","href":"https:\/\/api.w.org\/{rel}","templated":true}]}}