{"id":539,"date":"2018-04-03T11:14:46","date_gmt":"2018-04-03T11:14:46","guid":{"rendered":"http:\/\/parafiawegliniec.pl\/?p=539"},"modified":"2018-04-03T11:18:49","modified_gmt":"2018-04-03T11:18:49","slug":"wielkanoc-2018-galeria-zdjec","status":"publish","type":"post","link":"http:\/\/parafiawegliniec.pl\/?p=539","title":{"rendered":"Wielkanoc 2018 &#8211; galeria zdj\u0119\u0107"},"content":{"rendered":"<p>Zach\u0119camy do przegl\u0105dania fotorelacji z Triduum Paschalnego w naszej parafii:<\/p>\n<p>Wielki Czwartek, Droga Krzy\u017cowa w Wielki Pi\u0105tek, Liturgia Wielkiego Pi\u0105tku oraz Wigilia Paschalna:<\/p>\n<p>Wigilia Paschalna 2018<\/p>\n<p>[Best_Wordpress_Gallery id=&#8221;33&#8243; gal_title=&#8221;Wigilia Paschalna 2018&#8243;]<\/p>\n<p>&#8212;&#8212;&#8212;&#8212;&#8212;&#8212;&#8212;&#8212;&#8212;&#8212;&#8212;&#8212;&#8211;<\/p>\n<p>Liturgia Wielkiego Pi\u0105tku 2018<\/p>\n<p>[Best_Wordpress_Gallery id=&#8221;32&#8243; gal_title=&#8221;Wielki Pi\u0105tek 2018&#8243;]<\/p>\n<p>&#8212;&#8212;&#8212;&#8212;&#8212;&#8212;&#8212;&#8212;&#8212;&#8212;&#8212;&#8212;&#8211;<\/p>\n<p>Wielki Pi\u0105tek &#8211; Droga Krzy\u017cowa &#8211; 2018<\/p>\n<p>[Best_Wordpress_Gallery id=&#8221;31&#8243; gal_title=&#8221;Wielki Pi\u0105tek 2018 &#8211; Droga Krzy\u017cowa&#8221;]<\/p>\n<p>&#8212;&#8212;&#8212;&#8212;&#8212;&#8212;&#8212;&#8212;&#8212;&#8212;&#8212;&#8212;&#8211;<\/p>\n<p>Wielki Czwartek 2018<\/p>\n<p>[Best_Wordpress_Gallery id=&#8221;30&#8243; gal_title=&#8221;Wielki Czwartek 2018&#8243;]<\/p>\n","protected":false},"excerpt":{"rendered":"<p>Zach\u0119camy do przegl\u0105dania fotorelacji z Triduum Paschalnego w naszej parafii: Wielki Czwartek, Droga Krzy\u017cowa w Wielki Pi\u0105tek, Liturgia Wielkiego Pi\u0105tku oraz Wigilia Paschalna: Wigilia Paschalna 2018 [Best_Wordpress_Gallery id=&#8221;33&#8243; gal_title=&#8221;Wigilia Paschalna 2018&#8243;] &#8212;&#8212;&#8212;&#8212;&#8212;&#8212;&#8212;&#8212;&#8212;&#8212;&#8212;&#8212;&#8211; Liturgia Wielkiego Pi\u0105tku 2018 [Best_Wordpress_Gallery id=&#8221;32&#8243; gal_title=&#8221;Wielki Pi\u0105tek 2018&#8243;] &#8212;&#8212;&#8212;&#8212;&#8212;&#8212;&#8212;&#8212;&#8212;&#8212;&#8212;&#8212;&#8211; Wielki Pi\u0105tek &#8211; Droga Krzy\u017cowa &#8211; 2018 [Best_Wordpress_Gallery id=&#8221;31&#8243; gal_title=&#8221;Wielki Pi\u0105tek 2018 &#8211; [&hellip;]<\/p>\n","protected":false},"author":1,"featured_media":540,"comment_status":"closed","ping_status":"open","sticky":false,"template":"","format":"standard","meta":[],"categories":[3],"tags":[],"_links":{"self":[{"href":"http:\/\/parafiawegliniec.pl\/index.php?rest_route=\/wp\/v2\/posts\/539"}],"collection":[{"href":"http:\/\/parafiawegliniec.pl\/index.php?rest_route=\/wp\/v2\/posts"}],"about":[{"href":"http:\/\/parafiawegliniec.pl\/index.php?rest_route=\/wp\/v2\/types\/post"}],"author":[{"embeddable":true,"href":"http:\/\/parafiawegliniec.pl\/index.php?rest_route=\/wp\/v2\/users\/1"}],"replies":[{"embeddable":true,"href":"http:\/\/parafiawegliniec.pl\/index.php?rest_route=%2Fwp%2Fv2%2Fcomments&post=539"}],"version-history":[{"count":3,"href":"http:\/\/parafiawegliniec.pl\/index.php?rest_route=\/wp\/v2\/posts\/539\/revisions"}],"predecessor-version":[{"id":543,"href":"http:\/\/parafiawegliniec.pl\/index.php?rest_route=\/wp\/v2\/posts\/539\/revisions\/543"}],"wp:featuredmedia":[{"embeddable":true,"href":"http:\/\/parafiawegliniec.pl\/index.php?rest_route=\/wp\/v2\/media\/540"}],"wp:attachment":[{"href":"http:\/\/parafiawegliniec.pl\/index.php?rest_route=%2Fwp%2Fv2%2Fmedia&parent=539"}],"wp:term":[{"taxonomy":"category","embeddable":true,"href":"http:\/\/parafiawegliniec.pl\/index.php?rest_route=%2Fwp%2Fv2%2Fcategories&post=539"},{"taxonomy":"post_tag","embeddable":true,"href":"http:\/\/parafiawegliniec.pl\/index.php?rest_route=%2Fwp%2Fv2%2Ftags&post=539"}],"curies":[{"name":"wp","href":"https:\/\/api.w.org\/{rel}","templated":true}]}}