{"id":545,"date":"2018-04-06T08:50:18","date_gmt":"2018-04-06T08:50:18","guid":{"rendered":"http:\/\/parafiawegliniec.pl\/?p=545"},"modified":"2018-04-06T08:54:48","modified_gmt":"2018-04-06T08:54:48","slug":"uroczyste-wniesienie-relikwii-sw-siostry-faustyny-kowalskiej","status":"publish","type":"post","link":"http:\/\/parafiawegliniec.pl\/?p=545","title":{"rendered":"Uroczyste wniesienie relikwii \u015aw. Siostry Faustyny Kowalskiej"},"content":{"rendered":"<p style=\"margin-bottom: 13.5pt; text-align: justify;\">W niedziel\u0119 \u2013 8 kwietnia uroczysta Msza \u015bw. pod przewodnictwem J. E. Ks. Biskupa Dr Marka Mendyka o godz.12.00 z wniesieniem relikwii \u015aw. Siostry Faustyny Kowalskiej. Serdecznie zapraszam wszystkich Parafian (poczty sztandarowe) do udzia\u0142u w uroczystej Mszy \u015bw. w ko\u015bciele kolejowym. Koronka do Mi\u0142osierdzia Bo\u017cego o godz.15.00. ( Wyj\u0105tkowo nie b\u0119dzie Mszy \u015bw. o godz.18.00 ).<\/p>\n","protected":false},"excerpt":{"rendered":"<p>W niedziel\u0119 \u2013 8 kwietnia uroczysta Msza \u015bw. pod przewodnictwem J. E. Ks. Biskupa Dr Marka Mendyka o godz.12.00 z wniesieniem relikwii \u015aw. Siostry Faustyny Kowalskiej. Serdecznie zapraszam wszystkich Parafian (poczty sztandarowe) do udzia\u0142u w uroczystej Mszy \u015bw. w ko\u015bciele kolejowym. Koronka do Mi\u0142osierdzia Bo\u017cego o godz.15.00. ( Wyj\u0105tkowo nie b\u0119dzie Mszy \u015bw. o godz.18.00 [&hellip;]<\/p>\n","protected":false},"author":1,"featured_media":546,"comment_status":"closed","ping_status":"open","sticky":false,"template":"","format":"standard","meta":[],"categories":[3],"tags":[],"_links":{"self":[{"href":"http:\/\/parafiawegliniec.pl\/index.php?rest_route=\/wp\/v2\/posts\/545"}],"collection":[{"href":"http:\/\/parafiawegliniec.pl\/index.php?rest_route=\/wp\/v2\/posts"}],"about":[{"href":"http:\/\/parafiawegliniec.pl\/index.php?rest_route=\/wp\/v2\/types\/post"}],"author":[{"embeddable":true,"href":"http:\/\/parafiawegliniec.pl\/index.php?rest_route=\/wp\/v2\/users\/1"}],"replies":[{"embeddable":true,"href":"http:\/\/parafiawegliniec.pl\/index.php?rest_route=%2Fwp%2Fv2%2Fcomments&post=545"}],"version-history":[{"count":2,"href":"http:\/\/parafiawegliniec.pl\/index.php?rest_route=\/wp\/v2\/posts\/545\/revisions"}],"predecessor-version":[{"id":548,"href":"http:\/\/parafiawegliniec.pl\/index.php?rest_route=\/wp\/v2\/posts\/545\/revisions\/548"}],"wp:featuredmedia":[{"embeddable":true,"href":"http:\/\/parafiawegliniec.pl\/index.php?rest_route=\/wp\/v2\/media\/546"}],"wp:attachment":[{"href":"http:\/\/parafiawegliniec.pl\/index.php?rest_route=%2Fwp%2Fv2%2Fmedia&parent=545"}],"wp:term":[{"taxonomy":"category","embeddable":true,"href":"http:\/\/parafiawegliniec.pl\/index.php?rest_route=%2Fwp%2Fv2%2Fcategories&post=545"},{"taxonomy":"post_tag","embeddable":true,"href":"http:\/\/parafiawegliniec.pl\/index.php?rest_route=%2Fwp%2Fv2%2Ftags&post=545"}],"curies":[{"name":"wp","href":"https:\/\/api.w.org\/{rel}","templated":true}]}}