{"id":551,"date":"2018-04-09T09:27:18","date_gmt":"2018-04-09T09:27:18","guid":{"rendered":"http:\/\/parafiawegliniec.pl\/?p=551"},"modified":"2018-04-09T09:27:18","modified_gmt":"2018-04-09T09:27:18","slug":"relikwie-swietej-siostry-faustyny-w-naszej-parafii","status":"publish","type":"post","link":"http:\/\/parafiawegliniec.pl\/?p=551","title":{"rendered":"Relikwie \u015awi\u0119tej Siostry Faustyny w naszej parafii"},"content":{"rendered":"<p style=\"text-align: justify;\">Relikwie \u015awi\u0119tej Siostry Faustyny zosta\u0142y uroczy\u015bcie wniesione do ko\u015bcio\u0142a kolejowego podczas Mszy \u015bw. pod przewodnictwem Ksi\u0119dza Biskupa Marka Mendyka. Podczas eucharystii m\u0142odzie\u017c z naszej parafii przyj\u0119\u0142a sakrament bierzmowania. Dzi\u0119kujemy orkiestrze d\u0119tej KWB Tur\u00f3w oraz ch\u00f3rowi ze Zgorzelca za przepi\u0119kn\u0105 opraw\u0119 muzyczn\u0105.<\/p>\n<p>[Best_Wordpress_Gallery id=&#8221;35&#8243; gal_title=&#8221;Wprowadzenie relikwii \u015aw. Faustyny&#8221;]<\/p>\n","protected":false},"excerpt":{"rendered":"<p>Relikwie \u015awi\u0119tej Siostry Faustyny zosta\u0142y uroczy\u015bcie wniesione do ko\u015bcio\u0142a kolejowego podczas Mszy \u015bw. pod przewodnictwem Ksi\u0119dza Biskupa Marka Mendyka. Podczas eucharystii m\u0142odzie\u017c z naszej parafii przyj\u0119\u0142a sakrament bierzmowania. Dzi\u0119kujemy orkiestrze d\u0119tej KWB Tur\u00f3w oraz ch\u00f3rowi ze Zgorzelca za przepi\u0119kn\u0105 opraw\u0119 muzyczn\u0105. [Best_Wordpress_Gallery id=&#8221;35&#8243; gal_title=&#8221;Wprowadzenie relikwii \u015aw. Faustyny&#8221;]<\/p>\n","protected":false},"author":1,"featured_media":552,"comment_status":"closed","ping_status":"open","sticky":false,"template":"","format":"standard","meta":[],"categories":[3],"tags":[],"_links":{"self":[{"href":"http:\/\/parafiawegliniec.pl\/index.php?rest_route=\/wp\/v2\/posts\/551"}],"collection":[{"href":"http:\/\/parafiawegliniec.pl\/index.php?rest_route=\/wp\/v2\/posts"}],"about":[{"href":"http:\/\/parafiawegliniec.pl\/index.php?rest_route=\/wp\/v2\/types\/post"}],"author":[{"embeddable":true,"href":"http:\/\/parafiawegliniec.pl\/index.php?rest_route=\/wp\/v2\/users\/1"}],"replies":[{"embeddable":true,"href":"http:\/\/parafiawegliniec.pl\/index.php?rest_route=%2Fwp%2Fv2%2Fcomments&post=551"}],"version-history":[{"count":1,"href":"http:\/\/parafiawegliniec.pl\/index.php?rest_route=\/wp\/v2\/posts\/551\/revisions"}],"predecessor-version":[{"id":553,"href":"http:\/\/parafiawegliniec.pl\/index.php?rest_route=\/wp\/v2\/posts\/551\/revisions\/553"}],"wp:featuredmedia":[{"embeddable":true,"href":"http:\/\/parafiawegliniec.pl\/index.php?rest_route=\/wp\/v2\/media\/552"}],"wp:attachment":[{"href":"http:\/\/parafiawegliniec.pl\/index.php?rest_route=%2Fwp%2Fv2%2Fmedia&parent=551"}],"wp:term":[{"taxonomy":"category","embeddable":true,"href":"http:\/\/parafiawegliniec.pl\/index.php?rest_route=%2Fwp%2Fv2%2Fcategories&post=551"},{"taxonomy":"post_tag","embeddable":true,"href":"http:\/\/parafiawegliniec.pl\/index.php?rest_route=%2Fwp%2Fv2%2Ftags&post=551"}],"curies":[{"name":"wp","href":"https:\/\/api.w.org\/{rel}","templated":true}]}}