{"id":560,"date":"2018-04-30T11:20:21","date_gmt":"2018-04-30T11:20:21","guid":{"rendered":"http:\/\/parafiawegliniec.pl\/?p=560"},"modified":"2018-04-30T11:20:21","modified_gmt":"2018-04-30T11:20:21","slug":"3-maja-swieto-najswietszej-maryi-panny-krolowej-polski","status":"publish","type":"post","link":"http:\/\/parafiawegliniec.pl\/?p=560","title":{"rendered":"3 maja &#8211; \u015bwi\u0119to Naj\u015bwi\u0119tszej Maryi Panny, Kr\u00f3lowej Polski"},"content":{"rendered":"<p style=\"text-align: justify;\"><b>3 maja przypada \u015bwi\u0119to Naj\u015bwi\u0119tszej Maryi Panny, Kr\u00f3lowej Polski, g\u0142\u00f3wnej Patronki Polski i ko\u015bcio\u0142a kolejowego.<\/b>\u00a0Msze \u015bwi\u0119te 3 maja b\u0119d\u0105 odprawiane wed\u0142ug porz\u0105dku niedzielnego: 8.00, 10.00, 12.00 oraz 18.00. Podczas mszy o godz. 12.00 procesja wok\u00f3\u0142 ko\u015bcio\u0142a.<\/p>\n<p style=\"text-align: justify;\">Od 1 maja zapraszam do udzia\u0142u w &#8222;nabo\u017ce\u0144stwach majowych&#8221; o godzinie 17.30.<\/p>\n<p><a href=\"http:\/\/gminnesprawy.home.pl\/parafia\/mp3\/00355.mp3\"><img loading=\"lazy\" src=\"http:\/\/gminnesprawy.home.pl\/parafia\/images\/stories\/muz.jpg\" width=\"45\" height=\"43\" border=\"0\" \/><b>Pie\u015b\u0144 &#8222;Po g\u00f3rach dolinach&#8221; w wykonaniu nowego organisty<\/b><\/a><\/p>\n","protected":false},"excerpt":{"rendered":"<p>3 maja przypada \u015bwi\u0119to Naj\u015bwi\u0119tszej Maryi Panny, Kr\u00f3lowej Polski, g\u0142\u00f3wnej Patronki Polski i ko\u015bcio\u0142a kolejowego.\u00a0Msze \u015bwi\u0119te 3 maja b\u0119d\u0105 odprawiane wed\u0142ug porz\u0105dku niedzielnego: 8.00, 10.00, 12.00 oraz 18.00. Podczas mszy o godz. 12.00 procesja wok\u00f3\u0142 ko\u015bcio\u0142a. Od 1 maja zapraszam do udzia\u0142u w &#8222;nabo\u017ce\u0144stwach majowych&#8221; o godzinie 17.30. Pie\u015b\u0144 &#8222;Po g\u00f3rach dolinach&#8221; w wykonaniu nowego [&hellip;]<\/p>\n","protected":false},"author":1,"featured_media":297,"comment_status":"closed","ping_status":"open","sticky":false,"template":"","format":"standard","meta":[],"categories":[3],"tags":[],"_links":{"self":[{"href":"http:\/\/parafiawegliniec.pl\/index.php?rest_route=\/wp\/v2\/posts\/560"}],"collection":[{"href":"http:\/\/parafiawegliniec.pl\/index.php?rest_route=\/wp\/v2\/posts"}],"about":[{"href":"http:\/\/parafiawegliniec.pl\/index.php?rest_route=\/wp\/v2\/types\/post"}],"author":[{"embeddable":true,"href":"http:\/\/parafiawegliniec.pl\/index.php?rest_route=\/wp\/v2\/users\/1"}],"replies":[{"embeddable":true,"href":"http:\/\/parafiawegliniec.pl\/index.php?rest_route=%2Fwp%2Fv2%2Fcomments&post=560"}],"version-history":[{"count":1,"href":"http:\/\/parafiawegliniec.pl\/index.php?rest_route=\/wp\/v2\/posts\/560\/revisions"}],"predecessor-version":[{"id":561,"href":"http:\/\/parafiawegliniec.pl\/index.php?rest_route=\/wp\/v2\/posts\/560\/revisions\/561"}],"wp:featuredmedia":[{"embeddable":true,"href":"http:\/\/parafiawegliniec.pl\/index.php?rest_route=\/wp\/v2\/media\/297"}],"wp:attachment":[{"href":"http:\/\/parafiawegliniec.pl\/index.php?rest_route=%2Fwp%2Fv2%2Fmedia&parent=560"}],"wp:term":[{"taxonomy":"category","embeddable":true,"href":"http:\/\/parafiawegliniec.pl\/index.php?rest_route=%2Fwp%2Fv2%2Fcategories&post=560"},{"taxonomy":"post_tag","embeddable":true,"href":"http:\/\/parafiawegliniec.pl\/index.php?rest_route=%2Fwp%2Fv2%2Ftags&post=560"}],"curies":[{"name":"wp","href":"https:\/\/api.w.org\/{rel}","templated":true}]}}