{"id":568,"date":"2018-05-22T10:52:02","date_gmt":"2018-05-22T10:52:02","guid":{"rendered":"http:\/\/parafiawegliniec.pl\/?p=568"},"modified":"2018-05-22T10:52:02","modified_gmt":"2018-05-22T10:52:02","slug":"i-komunia-swieta-2","status":"publish","type":"post","link":"http:\/\/parafiawegliniec.pl\/?p=568","title":{"rendered":"I Komunia \u015awi\u0119ta"},"content":{"rendered":"<p style=\"text-align: justify;\"><strong>W najbli\u017csz\u0105 Niedziel\u0119 b\u0119dziemy prze\u017cywa\u0107 w naszej Parafii uroczysto\u015b\u0107 podczas kt\u00f3rej, dzieci z klas III przyst\u0105pi\u0105 do I Komunii \u015awi\u0119tej.<\/strong>\u00a0Uroczysta Msza \u015bw. dla tych dzieci, ich bliskich oraz go\u015bci zostanie odprawiona w\u00a0<u><strong>ko\u015bciele kolejowym o godz.10.00.<\/strong><\/u><\/p>\n<p style=\"text-align: justify;\">Prosimy pozosta\u0142ych wiernych o skorzystanie z innej Mszy \u015bw. aby umo\u017cliwi\u0107 wszystkim osobom zaproszonym na t\u0119 uroczysto\u015b\u0107 swobodny udzia\u0142 w I Komunii \u015bw.<\/p>\n<p style=\"text-align: justify;\">Spotkanie rodzic\u00f3w przed I rocznic\u0105 Komunii \u015bw. odb\u0119dzie si\u0119 w \u015brod\u0119 po Mszy \u015bw. o godz.18.30.<\/p>\n<p style=\"text-align: justify;\">Spowied\u017a \u015bw. dla dzieci, rodzic\u00f3w i wszystkich ch\u0119tnych przed I Komuni\u0105 \u015bw. i I rocznic\u0105 Komunii \u015bw. odb\u0119dzie si\u0119 w sobot\u0119 ( w ko\u015bciele \u201ekolejowym\u201d) od godz.10.00 \u2013 11.00.<\/p>\n","protected":false},"excerpt":{"rendered":"<p>W najbli\u017csz\u0105 Niedziel\u0119 b\u0119dziemy prze\u017cywa\u0107 w naszej Parafii uroczysto\u015b\u0107 podczas kt\u00f3rej, dzieci z klas III przyst\u0105pi\u0105 do I Komunii \u015awi\u0119tej.\u00a0Uroczysta Msza \u015bw. dla tych dzieci, ich bliskich oraz go\u015bci zostanie odprawiona w\u00a0ko\u015bciele kolejowym o godz.10.00. Prosimy pozosta\u0142ych wiernych o skorzystanie z innej Mszy \u015bw. aby umo\u017cliwi\u0107 wszystkim osobom zaproszonym na t\u0119 uroczysto\u015b\u0107 swobodny udzia\u0142 w [&hellip;]<\/p>\n","protected":false},"author":1,"featured_media":307,"comment_status":"closed","ping_status":"open","sticky":false,"template":"","format":"standard","meta":[],"categories":[3],"tags":[],"_links":{"self":[{"href":"http:\/\/parafiawegliniec.pl\/index.php?rest_route=\/wp\/v2\/posts\/568"}],"collection":[{"href":"http:\/\/parafiawegliniec.pl\/index.php?rest_route=\/wp\/v2\/posts"}],"about":[{"href":"http:\/\/parafiawegliniec.pl\/index.php?rest_route=\/wp\/v2\/types\/post"}],"author":[{"embeddable":true,"href":"http:\/\/parafiawegliniec.pl\/index.php?rest_route=\/wp\/v2\/users\/1"}],"replies":[{"embeddable":true,"href":"http:\/\/parafiawegliniec.pl\/index.php?rest_route=%2Fwp%2Fv2%2Fcomments&post=568"}],"version-history":[{"count":1,"href":"http:\/\/parafiawegliniec.pl\/index.php?rest_route=\/wp\/v2\/posts\/568\/revisions"}],"predecessor-version":[{"id":569,"href":"http:\/\/parafiawegliniec.pl\/index.php?rest_route=\/wp\/v2\/posts\/568\/revisions\/569"}],"wp:featuredmedia":[{"embeddable":true,"href":"http:\/\/parafiawegliniec.pl\/index.php?rest_route=\/wp\/v2\/media\/307"}],"wp:attachment":[{"href":"http:\/\/parafiawegliniec.pl\/index.php?rest_route=%2Fwp%2Fv2%2Fmedia&parent=568"}],"wp:term":[{"taxonomy":"category","embeddable":true,"href":"http:\/\/parafiawegliniec.pl\/index.php?rest_route=%2Fwp%2Fv2%2Fcategories&post=568"},{"taxonomy":"post_tag","embeddable":true,"href":"http:\/\/parafiawegliniec.pl\/index.php?rest_route=%2Fwp%2Fv2%2Ftags&post=568"}],"curies":[{"name":"wp","href":"https:\/\/api.w.org\/{rel}","templated":true}]}}