{"id":813,"date":"2019-04-15T18:36:07","date_gmt":"2019-04-15T18:36:07","guid":{"rendered":"http:\/\/parafiawegliniec.pl\/?p=813"},"modified":"2019-05-01T07:39:10","modified_gmt":"2019-05-01T07:39:10","slug":"triduum-paschalne-2019","status":"publish","type":"post","link":"http:\/\/parafiawegliniec.pl\/?p=813","title":{"rendered":"TRIDUUM PASCHALNE 2019 (+galeria)"},"content":{"rendered":"\n<p><strong>WIELKI CZWARTEK<\/strong><br>Pami\u0105tka ustanowienia Sakramentu Eucharystii i Kap\u0142a\u0144stwa<\/p>\n\n\n\n<p>Godz. 19.00 &#8211; Msza \u015aw. Wieczerzy Pa\u0144skiej &#8211;&nbsp;<strong>ko\u015bci\u00f3\u0142 kolejowy<\/strong><br>Adoracja po Mszy \u015bw.<\/p>\n\n\n\n<p><strong>WIELKI PI\u0104TEK&nbsp;<\/strong><br>Dzie\u0144 M\u0119ki i \u015amierci Jezusa Chrystusa<br>Godz. 15.00 \u2013 Droga Krzy\u017cowa \u2013&nbsp;<strong>ko\u015bci\u00f3\u0142&nbsp;kolejowy<\/strong><br>Godz. 19.00 &#8211; Liturgia M\u0119ki Pa\u0144skiej \u2013&nbsp;<strong>ko\u015bci\u00f3\u0142 kolejowy<\/strong><br>Adoracja Bo\u017cego Grobu po Liturgii<\/p>\n\n\n\n<p><strong>WIELKA SOBOTA \u2013 WIGILIA PASCHALNA<\/strong><br>Dzie\u0144 adoracji Chrystusa w Grobie &#8211; adoracja w ko\u015bciele kolejowym od godz. 9.30 &#8211; 13.00 oraz 18.00 &#8211; 19.00<\/p>\n\n\n\n<p>\u015awi\u0119cenie pokarm\u00f3w w ko\u015bciele kolejowym &#8211;&nbsp;<strong>10.00, 11.00, 12.00, 13.00<\/strong><\/p>\n\n\n\n<p>Wieczorem obchodzimy Pami\u0105tk\u0119 Zmartwychwstania Jezusa Chrystusa.&nbsp;<strong>Wigilia Paschalna z procesj\u0105 rezurekcyjn\u0105 (wok\u00f3\u0142 ko\u015bcio\u0142a) o godz. 20.00&nbsp; w ko\u015bciele kolejowym.<\/strong><\/p>\n\n\n\n<p><strong>NIEDZIELA WIELKANOCNA<\/strong><br>Msze \u015bw. o godz. 8.00, 10.00 i 12.00 &#8211;&nbsp;<strong>nie b\u0119dzie mszy o godz.18.00<\/strong><\/p>\n\n\n\n<p><strong>PONIEDZIA\u0141EK WIELKANOCNY<\/strong><br>Msze \u015bw. o godz. 8.00, 10.00, 12.00, 18.00<\/p>\n\n\n\n<p><strong>Drodzy go\u015bcie<\/strong>, ze wzgl\u0119du na prace remontowe w ko\u015bciele parafialnym wszystkie Msze \u015bw. i nabo\u017ce\u0144stwa sprawowane s\u0105 w ko\u015bciele kolejowym.<\/p>\n\n\n\n<p>GALERIA ZDJ\u0118\u0106 UZUPE\u0141NIANA JEST NA BIERZ\u0104CO (-&gt; Menu strony&gt;GALERIA)<\/p>\n","protected":false},"excerpt":{"rendered":"<p>WIELKI CZWARTEKPami\u0105tka ustanowienia Sakramentu Eucharystii i Kap\u0142a\u0144stwa Godz. 19.00 &#8211; Msza \u015aw. Wieczerzy Pa\u0144skiej &#8211;&nbsp;ko\u015bci\u00f3\u0142 kolejowyAdoracja po Mszy \u015bw. WIELKI PI\u0104TEK&nbsp;Dzie\u0144 M\u0119ki i \u015amierci Jezusa ChrystusaGodz. 15.00 \u2013 Droga Krzy\u017cowa \u2013&nbsp;ko\u015bci\u00f3\u0142&nbsp;kolejowyGodz. 19.00 &#8211; Liturgia M\u0119ki Pa\u0144skiej \u2013&nbsp;ko\u015bci\u00f3\u0142 kolejowyAdoracja Bo\u017cego Grobu po Liturgii WIELKA SOBOTA \u2013 WIGILIA PASCHALNADzie\u0144 adoracji Chrystusa w Grobie &#8211; adoracja w ko\u015bciele [&hellip;]<\/p>\n","protected":false},"author":1,"featured_media":270,"comment_status":"closed","ping_status":"open","sticky":false,"template":"","format":"standard","meta":[],"categories":[1],"tags":[],"_links":{"self":[{"href":"http:\/\/parafiawegliniec.pl\/index.php?rest_route=\/wp\/v2\/posts\/813"}],"collection":[{"href":"http:\/\/parafiawegliniec.pl\/index.php?rest_route=\/wp\/v2\/posts"}],"about":[{"href":"http:\/\/parafiawegliniec.pl\/index.php?rest_route=\/wp\/v2\/types\/post"}],"author":[{"embeddable":true,"href":"http:\/\/parafiawegliniec.pl\/index.php?rest_route=\/wp\/v2\/users\/1"}],"replies":[{"embeddable":true,"href":"http:\/\/parafiawegliniec.pl\/index.php?rest_route=%2Fwp%2Fv2%2Fcomments&post=813"}],"version-history":[{"count":3,"href":"http:\/\/parafiawegliniec.pl\/index.php?rest_route=\/wp\/v2\/posts\/813\/revisions"}],"predecessor-version":[{"id":835,"href":"http:\/\/parafiawegliniec.pl\/index.php?rest_route=\/wp\/v2\/posts\/813\/revisions\/835"}],"wp:featuredmedia":[{"embeddable":true,"href":"http:\/\/parafiawegliniec.pl\/index.php?rest_route=\/wp\/v2\/media\/270"}],"wp:attachment":[{"href":"http:\/\/parafiawegliniec.pl\/index.php?rest_route=%2Fwp%2Fv2%2Fmedia&parent=813"}],"wp:term":[{"taxonomy":"category","embeddable":true,"href":"http:\/\/parafiawegliniec.pl\/index.php?rest_route=%2Fwp%2Fv2%2Fcategories&post=813"},{"taxonomy":"post_tag","embeddable":true,"href":"http:\/\/parafiawegliniec.pl\/index.php?rest_route=%2Fwp%2Fv2%2Ftags&post=813"}],"curies":[{"name":"wp","href":"https:\/\/api.w.org\/{rel}","templated":true}]}}