{"id":869,"date":"2019-07-08T18:55:51","date_gmt":"2019-07-08T18:55:51","guid":{"rendered":"http:\/\/parafiawegliniec.pl\/?p=869"},"modified":"2019-09-02T14:37:16","modified_gmt":"2019-09-02T14:37:16","slug":"76-rocznica-krwawej-niedzieli","status":"publish","type":"post","link":"http:\/\/parafiawegliniec.pl\/?p=869","title":{"rendered":"76 rocznica \u201eKrwawej Niedzieli\u201d"},"content":{"rendered":"\n<p>W czwartek przypada kolejna rocznica ludob\u00f3jstwa naszych rodak\u00f3w, kt\u00f3rzy zostali pomordowani na Kresach Wschodnich. Msza \u015bw. o godz.10.00 w ko\u015bciele parafialnym, a po niej przej\u015bcie na Skwer Podolski i zapalenie zniczy oraz z\u0142o\u017cenie kwiat\u00f3w. Serdecznie zapraszam wszystkich Parafian! <\/p>\n","protected":false},"excerpt":{"rendered":"<p>W czwartek przypada kolejna rocznica ludob\u00f3jstwa naszych rodak\u00f3w, kt\u00f3rzy zostali pomordowani na Kresach Wschodnich. Msza \u015bw. o godz.10.00 w ko\u015bciele parafialnym, a po niej przej\u015bcie na Skwer Podolski i zapalenie zniczy oraz z\u0142o\u017cenie kwiat\u00f3w. Serdecznie zapraszam wszystkich Parafian!<\/p>\n","protected":false},"author":1,"featured_media":872,"comment_status":"closed","ping_status":"open","sticky":false,"template":"","format":"standard","meta":[],"categories":[1],"tags":[],"_links":{"self":[{"href":"http:\/\/parafiawegliniec.pl\/index.php?rest_route=\/wp\/v2\/posts\/869"}],"collection":[{"href":"http:\/\/parafiawegliniec.pl\/index.php?rest_route=\/wp\/v2\/posts"}],"about":[{"href":"http:\/\/parafiawegliniec.pl\/index.php?rest_route=\/wp\/v2\/types\/post"}],"author":[{"embeddable":true,"href":"http:\/\/parafiawegliniec.pl\/index.php?rest_route=\/wp\/v2\/users\/1"}],"replies":[{"embeddable":true,"href":"http:\/\/parafiawegliniec.pl\/index.php?rest_route=%2Fwp%2Fv2%2Fcomments&post=869"}],"version-history":[{"count":1,"href":"http:\/\/parafiawegliniec.pl\/index.php?rest_route=\/wp\/v2\/posts\/869\/revisions"}],"predecessor-version":[{"id":870,"href":"http:\/\/parafiawegliniec.pl\/index.php?rest_route=\/wp\/v2\/posts\/869\/revisions\/870"}],"wp:featuredmedia":[{"embeddable":true,"href":"http:\/\/parafiawegliniec.pl\/index.php?rest_route=\/wp\/v2\/media\/872"}],"wp:attachment":[{"href":"http:\/\/parafiawegliniec.pl\/index.php?rest_route=%2Fwp%2Fv2%2Fmedia&parent=869"}],"wp:term":[{"taxonomy":"category","embeddable":true,"href":"http:\/\/parafiawegliniec.pl\/index.php?rest_route=%2Fwp%2Fv2%2Fcategories&post=869"},{"taxonomy":"post_tag","embeddable":true,"href":"http:\/\/parafiawegliniec.pl\/index.php?rest_route=%2Fwp%2Fv2%2Ftags&post=869"}],"curies":[{"name":"wp","href":"https:\/\/api.w.org\/{rel}","templated":true}]}}