{"id":903,"date":"2019-09-01T14:34:19","date_gmt":"2019-09-01T14:34:19","guid":{"rendered":"http:\/\/parafiawegliniec.pl\/?p=903"},"modified":"2019-09-02T14:36:05","modified_gmt":"2019-09-02T14:36:05","slug":"nowy-rok-szkolny","status":"publish","type":"post","link":"http:\/\/parafiawegliniec.pl\/?p=903","title":{"rendered":"Nowy rok szkolny"},"content":{"rendered":"\n<p> Zapraszam dzieci i m\u0142odzie\u017c na spowied\u017a \u015bw. przed rozpocz\u0119ciem Nowego Roku Szkolnego i Katechetycznego. Msza \u015bw. na rozpocz\u0119cie Roku zostanie odprawiona w\u00a0 poniedzia\u0142ek, 2 wrze\u015bnia,\u00a0 o godz.8.00 w ko\u015bciele parafialnym. <\/p>\n","protected":false},"excerpt":{"rendered":"<p>Zapraszam dzieci i m\u0142odzie\u017c na spowied\u017a \u015bw. przed rozpocz\u0119ciem Nowego Roku Szkolnego i Katechetycznego. Msza \u015bw. na rozpocz\u0119cie Roku zostanie odprawiona w\u00a0 poniedzia\u0142ek, 2 wrze\u015bnia,\u00a0 o godz.8.00 w ko\u015bciele parafialnym.<\/p>\n","protected":false},"author":1,"featured_media":380,"comment_status":"closed","ping_status":"open","sticky":false,"template":"","format":"standard","meta":[],"categories":[1],"tags":[],"_links":{"self":[{"href":"http:\/\/parafiawegliniec.pl\/index.php?rest_route=\/wp\/v2\/posts\/903"}],"collection":[{"href":"http:\/\/parafiawegliniec.pl\/index.php?rest_route=\/wp\/v2\/posts"}],"about":[{"href":"http:\/\/parafiawegliniec.pl\/index.php?rest_route=\/wp\/v2\/types\/post"}],"author":[{"embeddable":true,"href":"http:\/\/parafiawegliniec.pl\/index.php?rest_route=\/wp\/v2\/users\/1"}],"replies":[{"embeddable":true,"href":"http:\/\/parafiawegliniec.pl\/index.php?rest_route=%2Fwp%2Fv2%2Fcomments&post=903"}],"version-history":[{"count":1,"href":"http:\/\/parafiawegliniec.pl\/index.php?rest_route=\/wp\/v2\/posts\/903\/revisions"}],"predecessor-version":[{"id":904,"href":"http:\/\/parafiawegliniec.pl\/index.php?rest_route=\/wp\/v2\/posts\/903\/revisions\/904"}],"wp:featuredmedia":[{"embeddable":true,"href":"http:\/\/parafiawegliniec.pl\/index.php?rest_route=\/wp\/v2\/media\/380"}],"wp:attachment":[{"href":"http:\/\/parafiawegliniec.pl\/index.php?rest_route=%2Fwp%2Fv2%2Fmedia&parent=903"}],"wp:term":[{"taxonomy":"category","embeddable":true,"href":"http:\/\/parafiawegliniec.pl\/index.php?rest_route=%2Fwp%2Fv2%2Fcategories&post=903"},{"taxonomy":"post_tag","embeddable":true,"href":"http:\/\/parafiawegliniec.pl\/index.php?rest_route=%2Fwp%2Fv2%2Ftags&post=903"}],"curies":[{"name":"wp","href":"https:\/\/api.w.org\/{rel}","templated":true}]}}