{"id":1092,"date":"2020-04-19T21:33:21","date_gmt":"2020-04-19T21:33:21","guid":{"rendered":"http:\/\/parafiawegliniec.pl\/?p=1092"},"modified":"2020-04-19T22:29:36","modified_gmt":"2020-04-19T22:29:36","slug":"jezus-milosierny-zamieszkal-w-weglincu","status":"publish","type":"post","link":"https:\/\/parafiawegliniec.pl\/?p=1092","title":{"rendered":"Jezus Mi\u0142osierny zamieszka\u0142 w W\u0119gli\u0144cu (+galeria, + film)"},"content":{"rendered":"\n<p>Niedziela Mi\u0142osierdzia Bo\u017cego na sta\u0142e zapisze si\u0119 w kartach historii w\u0119glinieckiej parafii. Rozpocz\u0119te w 2018 roku przygotowania do przyj\u0119cia przez wsp\u00f3lnot\u0119 parafii pw. Naj\u015bwi\u0119tszego Serca Pana Jezusa relikwii \u015aw. Faustyny Kowalskiej zaowocowa\u0142y uroczystym wniesieniem \u015awi\u0119tej do ko\u015bcio\u0142a kolejowego podczas Mszy \u015bw. pod przewodnictwem Ksi\u0119dza Biskupa Marka Mendyka w Niedziel\u0119 Mi\u0142osierdzia przypadaj\u0105c\u0105 w dniu 8 kwietnia 2018 roku.&nbsp;<\/p>\n\n\n\n<p>Dwa lata po tym pami\u0119tnym wydarzeniu po\u015bwi\u0119cony zosta\u0142 nowy, namalowany na p\u0142\u00f3tnie obraz Jezusa Mi\u0142osiernego, kt\u00f3ry zawi\u015bnie w ko\u015bciele parafialnym. Dzisiejsze \u015bwi\u0119to, ze wzgl\u0119du na ograniczenie zwi\u0105zane z pandemi\u0105 koronawirusa, otrzyma\u0142o dodatkow\u0105 opraw\u0119. Po\u015bwi\u0119cony obraz wraz z relikwiami \u015aw. Faustyny peregrynowa\u0142 ulicami W\u0119gli\u0144ca daj\u0105c mieszka\u0144com szanse na bezpo\u015bredni kontakt i mo\u017cliwo\u015b\u0107 otrzymania b\u0142ogos\u0142awie\u0144stwa w tym szczeg\u00f3lnym dla nas wszystkich czasie.\u00a0<\/p>\n\n\n\n<p>Dzi\u0119kujemy Darczy\u0144com za wsparcie materialne i pomoc w organizacji tak podnios\u0142ego dla naszej parafii wydarzenia.\u00a0<\/p>\n\n\n\n<p><p>Galeria zdj\u0119\u0107: <\/p> <p>[Best_Wordpress_Gallery id=&#8221;88&#8243; gal_title=&#8221;Jezus Mi\u0142osierny zamieszka\u0142 w W\u0119gli\u0144cu&#8221;]<\/p><\/p>\n\n\n\n<p>Filmy z przejazdu ulicami W\u0119gli\u0144ca:<\/p>\n\n\n\n<div class=\"wp-block-media-text alignwide\"><figure class=\"wp-block-media-text__media\"><video controls src=\"http:\/\/parafiawegliniec.pl\/wp-content\/uploads\/2020\/04\/20200419_154117.mp4\"><\/video><\/figure><div class=\"wp-block-media-text__content\">\n<p class=\"has-large-font-size\">Peregrynacja obrazu ulicami W\u0119gli\u0144ca<\/p>\n<\/div><\/div>\n\n\n\n<div class=\"wp-block-media-text alignwide\"><figure class=\"wp-block-media-text__media\"><video controls src=\"http:\/\/parafiawegliniec.pl\/wp-content\/uploads\/2020\/04\/20200419_154503.mp4\"><\/video><\/figure><div class=\"wp-block-media-text__content\">\n<p class=\"has-large-font-size\">Peregrynacja obrazu ulicami W\u0119gli\u0144ca<\/p>\n<\/div><\/div>\n","protected":false},"excerpt":{"rendered":"<p>Niedziela Mi\u0142osierdzia Bo\u017cego na sta\u0142e zapisze si\u0119 w kartach historii w\u0119glinieckiej parafii. Rozpocz\u0119te w 2018 roku przygotowania do przyj\u0119cia przez wsp\u00f3lnot\u0119 parafii pw. Naj\u015bwi\u0119tszego Serca Pana Jezusa relikwii \u015aw. Faustyny Kowalskiej zaowocowa\u0142y uroczystym wniesieniem \u015awi\u0119tej do ko\u015bcio\u0142a kolejowego podczas Mszy \u015bw. pod przewodnictwem Ksi\u0119dza Biskupa Marka Mendyka w Niedziel\u0119 Mi\u0142osierdzia przypadaj\u0105c\u0105 w dniu 8 kwietnia [&hellip;]<\/p>\n","protected":false},"author":1,"featured_media":1097,"comment_status":"closed","ping_status":"open","sticky":false,"template":"","format":"standard","meta":[],"categories":[1,3],"tags":[],"_links":{"self":[{"href":"https:\/\/parafiawegliniec.pl\/index.php?rest_route=\/wp\/v2\/posts\/1092"}],"collection":[{"href":"https:\/\/parafiawegliniec.pl\/index.php?rest_route=\/wp\/v2\/posts"}],"about":[{"href":"https:\/\/parafiawegliniec.pl\/index.php?rest_route=\/wp\/v2\/types\/post"}],"author":[{"embeddable":true,"href":"https:\/\/parafiawegliniec.pl\/index.php?rest_route=\/wp\/v2\/users\/1"}],"replies":[{"embeddable":true,"href":"https:\/\/parafiawegliniec.pl\/index.php?rest_route=%2Fwp%2Fv2%2Fcomments&post=1092"}],"version-history":[{"count":7,"href":"https:\/\/parafiawegliniec.pl\/index.php?rest_route=\/wp\/v2\/posts\/1092\/revisions"}],"predecessor-version":[{"id":1105,"href":"https:\/\/parafiawegliniec.pl\/index.php?rest_route=\/wp\/v2\/posts\/1092\/revisions\/1105"}],"wp:featuredmedia":[{"embeddable":true,"href":"https:\/\/parafiawegliniec.pl\/index.php?rest_route=\/wp\/v2\/media\/1097"}],"wp:attachment":[{"href":"https:\/\/parafiawegliniec.pl\/index.php?rest_route=%2Fwp%2Fv2%2Fmedia&parent=1092"}],"wp:term":[{"taxonomy":"category","embeddable":true,"href":"https:\/\/parafiawegliniec.pl\/index.php?rest_route=%2Fwp%2Fv2%2Fcategories&post=1092"},{"taxonomy":"post_tag","embeddable":true,"href":"https:\/\/parafiawegliniec.pl\/index.php?rest_route=%2Fwp%2Fv2%2Ftags&post=1092"}],"curies":[{"name":"wp","href":"https:\/\/api.w.org\/{rel}","templated":true}]}}