{"id":1231,"date":"2020-08-07T13:04:43","date_gmt":"2020-08-07T13:04:43","guid":{"rendered":"http:\/\/parafiawegliniec.pl\/?p=1231"},"modified":"2020-08-07T13:04:43","modified_gmt":"2020-08-07T13:04:43","slug":"zakonczenie-duchowego-uczestnictwa-w-pielgrzymce-pieszej-na-jasna-gore","status":"publish","type":"post","link":"https:\/\/parafiawegliniec.pl\/?p=1231","title":{"rendered":"Zako\u0144czenie duchowego uczestnictwa w pielgrzymce pieszej na Jasn\u0105 G\u00f3r\u0119"},"content":{"rendered":"\n<p><strong>Ju\u017c dzisiaj wieczorem zako\u0144czymy duchowe uczestnictwo w pielgrzymce pieszej na Jasn\u0105 G\u00f3r\u0119. <\/strong>Nasze ostatnie spotkanie b\u0119dzie mia\u0142o charakter uwielbienia Jezusa w Naj\u015bwi\u0119tszym Sakramencie. Rozpocznie si\u0119 ono o godz. 20.00 w ko\u015bciele parafialnym. B\u0119d\u0105 mu towarzyszy\u0142y pi\u0119kne \u015bpiewy i prowadzona adoracja. Serdecznie zapraszamy.<\/p>\n\n\n\n<p>Relacja ze spotka\u0144 na parafialnym facebooku:  <a href=\"https:\/\/www.facebook.com\/parafiawegliniec\/\"><strong>https:\/\/www.facebook.com\/parafiawegliniec\/<\/strong><\/a>  (kliknij w link). <br><\/p>\n","protected":false},"excerpt":{"rendered":"<p>Ju\u017c dzisiaj wieczorem zako\u0144czymy duchowe uczestnictwo w pielgrzymce pieszej na Jasn\u0105 G\u00f3r\u0119. Nasze ostatnie spotkanie b\u0119dzie mia\u0142o charakter uwielbienia Jezusa w Naj\u015bwi\u0119tszym Sakramencie. Rozpocznie si\u0119 ono o godz. 20.00 w ko\u015bciele parafialnym. B\u0119d\u0105 mu towarzyszy\u0142y pi\u0119kne \u015bpiewy i prowadzona adoracja. Serdecznie zapraszamy. Relacja ze spotka\u0144 na parafialnym facebooku: https:\/\/www.facebook.com\/parafiawegliniec\/ (kliknij w link).<\/p>\n","protected":false},"author":1,"featured_media":1232,"comment_status":"closed","ping_status":"open","sticky":false,"template":"","format":"standard","meta":[],"categories":[3],"tags":[],"_links":{"self":[{"href":"https:\/\/parafiawegliniec.pl\/index.php?rest_route=\/wp\/v2\/posts\/1231"}],"collection":[{"href":"https:\/\/parafiawegliniec.pl\/index.php?rest_route=\/wp\/v2\/posts"}],"about":[{"href":"https:\/\/parafiawegliniec.pl\/index.php?rest_route=\/wp\/v2\/types\/post"}],"author":[{"embeddable":true,"href":"https:\/\/parafiawegliniec.pl\/index.php?rest_route=\/wp\/v2\/users\/1"}],"replies":[{"embeddable":true,"href":"https:\/\/parafiawegliniec.pl\/index.php?rest_route=%2Fwp%2Fv2%2Fcomments&post=1231"}],"version-history":[{"count":1,"href":"https:\/\/parafiawegliniec.pl\/index.php?rest_route=\/wp\/v2\/posts\/1231\/revisions"}],"predecessor-version":[{"id":1233,"href":"https:\/\/parafiawegliniec.pl\/index.php?rest_route=\/wp\/v2\/posts\/1231\/revisions\/1233"}],"wp:featuredmedia":[{"embeddable":true,"href":"https:\/\/parafiawegliniec.pl\/index.php?rest_route=\/wp\/v2\/media\/1232"}],"wp:attachment":[{"href":"https:\/\/parafiawegliniec.pl\/index.php?rest_route=%2Fwp%2Fv2%2Fmedia&parent=1231"}],"wp:term":[{"taxonomy":"category","embeddable":true,"href":"https:\/\/parafiawegliniec.pl\/index.php?rest_route=%2Fwp%2Fv2%2Fcategories&post=1231"},{"taxonomy":"post_tag","embeddable":true,"href":"https:\/\/parafiawegliniec.pl\/index.php?rest_route=%2Fwp%2Fv2%2Ftags&post=1231"}],"curies":[{"name":"wp","href":"https:\/\/api.w.org\/{rel}","templated":true}]}}