{"id":1236,"date":"2020-08-13T06:02:14","date_gmt":"2020-08-13T06:02:14","guid":{"rendered":"http:\/\/parafiawegliniec.pl\/?p=1236"},"modified":"2020-08-13T06:13:30","modified_gmt":"2020-08-13T06:13:30","slug":"100-rocznica-cudu-nad-wisla-zaproszenie-na-adoracje","status":"publish","type":"post","link":"https:\/\/parafiawegliniec.pl\/?p=1236","title":{"rendered":"100. rocznica \u201eCudu nad Wis\u0142\u0105\u201d \u2013 zaproszenie na adoracj\u0119"},"content":{"rendered":"\n<p><strong>Zapraszamy na adoracj\u0119 Naj\u015bwi\u0119tszego Sakramentu, w ko\u015bciele parafialnym, w najbli\u017cszy pi\u0105tek, 14 sierpnia od godz.20.00 do godz.24.00. <\/strong>B\u0119dzie ona odpowiedzi\u0105 na apel polskich biskup\u00f3w o dzi\u0119kczynne czuwanie i modlitw\u0119 za Ojczyzn\u0119 w przeddzie\u0144 100 rocznicy \u201eCudu nad Wis\u0142\u0105\u201d. <strong>U nas w ko\u015bciele w W\u0119gli\u0144cu adoracja b\u0119dzie prowadzona w godz.20.00-21.00 a nast\u0119pnie do p\u00f3\u0142nocy adoracja w ciszy<\/strong>. <\/p>\n\n\n\n<p>W dniu 15 sierpnia br.\nprzypada 100. rocznica Bitwy Warszawskiej, zwanej&nbsp;<strong>Cudem\nnad Wis\u0142\u0105<\/strong>. Z tej okazji Biskup Romuald Kami\u0144ski, Biskup\nWarszawsko-Praski z poparciem Arcybiskupa Stanis\u0142awa G\u0105deckiego,\nPrzewodnicz\u0105cego Konferencji Episkopatu Polski proponuje podj\u0119cie inicjatywy\nprzeprowadzenia nocnego czuwania przed Naj\u015bwi\u0119tszym Sakramentem przed\ntegoroczn\u0105 Uroczysto\u015bci\u0105 Wniebowzi\u0119cia Naj\u015bwi\u0119tszej Maryi Panny we wszystkich\npolskich parafiach na wz\u00f3r tej, kt\u00f3ra by\u0142a odprawiana w Stolicy w sierpniu 1920\nr. w nocy z 14 n a 15 sierpnia.<\/p>\n\n\n\n<p>Biskup\nLegnicki Zbigniew Kiernikowski zach\u0119ca wszystkich Przewielebnych Ksi\u0119\u017cy\nProboszcz\u00f3w do zorganizowania wsp\u00f3lnotowej modlitwy i czuwania przed\nNaj\u015bwi\u0119tszym Sakramentem w poczuciu odpowiedzialno\u015bci za&nbsp;utrwalenie\ndziedzictwa wojny polsko-bolszewickiej z&nbsp;sierpnia 1920 r.\noraz&nbsp;za&nbsp;przekazanie przysz\u0142ym pokoleniom pami\u0119ci o&nbsp;\u201eCudzie\nnad&nbsp;Wis\u0142\u0105\u201d.<\/p>\n","protected":false},"excerpt":{"rendered":"<p>Zapraszamy na adoracj\u0119 Naj\u015bwi\u0119tszego Sakramentu, w ko\u015bciele parafialnym, w najbli\u017cszy pi\u0105tek, 14 sierpnia od godz.20.00 do godz.24.00. B\u0119dzie ona odpowiedzi\u0105 na apel polskich biskup\u00f3w o dzi\u0119kczynne czuwanie i modlitw\u0119 za Ojczyzn\u0119 w przeddzie\u0144 100 rocznicy \u201eCudu nad Wis\u0142\u0105\u201d. U nas w ko\u015bciele w W\u0119gli\u0144cu adoracja b\u0119dzie prowadzona w godz.20.00-21.00 a nast\u0119pnie do p\u00f3\u0142nocy adoracja w [&hellip;]<\/p>\n","protected":false},"author":1,"featured_media":1239,"comment_status":"closed","ping_status":"open","sticky":false,"template":"","format":"standard","meta":[],"categories":[3],"tags":[],"_links":{"self":[{"href":"https:\/\/parafiawegliniec.pl\/index.php?rest_route=\/wp\/v2\/posts\/1236"}],"collection":[{"href":"https:\/\/parafiawegliniec.pl\/index.php?rest_route=\/wp\/v2\/posts"}],"about":[{"href":"https:\/\/parafiawegliniec.pl\/index.php?rest_route=\/wp\/v2\/types\/post"}],"author":[{"embeddable":true,"href":"https:\/\/parafiawegliniec.pl\/index.php?rest_route=\/wp\/v2\/users\/1"}],"replies":[{"embeddable":true,"href":"https:\/\/parafiawegliniec.pl\/index.php?rest_route=%2Fwp%2Fv2%2Fcomments&post=1236"}],"version-history":[{"count":1,"href":"https:\/\/parafiawegliniec.pl\/index.php?rest_route=\/wp\/v2\/posts\/1236\/revisions"}],"predecessor-version":[{"id":1238,"href":"https:\/\/parafiawegliniec.pl\/index.php?rest_route=\/wp\/v2\/posts\/1236\/revisions\/1238"}],"wp:featuredmedia":[{"embeddable":true,"href":"https:\/\/parafiawegliniec.pl\/index.php?rest_route=\/wp\/v2\/media\/1239"}],"wp:attachment":[{"href":"https:\/\/parafiawegliniec.pl\/index.php?rest_route=%2Fwp%2Fv2%2Fmedia&parent=1236"}],"wp:term":[{"taxonomy":"category","embeddable":true,"href":"https:\/\/parafiawegliniec.pl\/index.php?rest_route=%2Fwp%2Fv2%2Fcategories&post=1236"},{"taxonomy":"post_tag","embeddable":true,"href":"https:\/\/parafiawegliniec.pl\/index.php?rest_route=%2Fwp%2Fv2%2Ftags&post=1236"}],"curies":[{"name":"wp","href":"https:\/\/api.w.org\/{rel}","templated":true}]}}