{"id":1242,"date":"2020-08-18T06:32:13","date_gmt":"2020-08-18T06:32:13","guid":{"rendered":"http:\/\/parafiawegliniec.pl\/?p=1242"},"modified":"2020-08-18T06:32:13","modified_gmt":"2020-08-18T06:32:13","slug":"40-rocznica-powstania-nszz-solidarnosc","status":"publish","type":"post","link":"https:\/\/parafiawegliniec.pl\/?p=1242","title":{"rendered":"40. rocznica powstania NSZZ Solidarno\u015b\u0107"},"content":{"rendered":"\n<p><strong>W niedziel\u0119, 23 sierpnia o godz. 12.00 w ko\u015bciele \u201ekolejowym\u201d b\u0119dzie celebrowana Msza \u015bw. dzi\u0119kczynna z okazji 40 rocznicy powstania NSZZ Solidarno\u015b\u0107.<\/strong> Eucharystii b\u0119dzie przewodniczy\u0142 i homili\u0119 wyg\u0142osi nasz rodak, ks. pra\u0142at Andrzej Dzie\u0142ak. Na uroczyste obchody zaprasza Komisja Oddzia\u0142owa NSZZ Solidarno\u015b\u0107 PKP Cargo w W\u0119gli\u0144cu.<\/p>\n\n\n\n<p><strong>ZAPROSZENIE:<\/strong><\/p>\n\n\n\n<p>Komisja Oddzia\u0142owa NSZZ Solidarno\u015b\u0107 PKP CARGO w W\u0119gli\u0144cu\nzaprasza w najbli\u017csz\u0105 niedziel\u0119, 23 sierpnia, &nbsp;na obchody 40. rocznicy powstania NSZZ\n\u201cSOLIDARNO\u015a\u0106\u201d.<\/p>\n\n\n\n<p>Program uroczysto\u015bci &#8211; 23.08.2020<\/p>\n\n\n\n<p>12.00 &#8211; Msza \u015aw. Dzi\u0119kczynna z okazji 40. rocznicy powstania\n<\/p>\n\n\n\n<p>\u00a0\u00a0\u00a0\u00a0\u00a0\u00a0\u00a0\u00a0\u00a0\u00a0\u00a0\u00a0NSZZ \u201cSolidarno\u015b\u0107\u201d\u00a0 (ko\u015bci\u00f3\u0142 kolejowy w W\u0119gli\u0144cu, z udzia\u0142em   <\/p>\n\n\n\n<p>            orkiestry KWB TUR\u00d3W)<\/p>\n\n\n\n<p>13.30 &#8211; Przemarsz z udzia\u0142em orkiestry d\u0119tej KWB Tur\u00f3w oraz <\/p>\n\n\n\n<p>\u00a0\u00a0\u00a0\u00a0\u00a0\u00a0\u00a0\u00a0\u00a0\u00a0\u00a0\u00a0sztandarami na Plac Wolno\u015bci<\/p>\n\n\n\n<p>14.00 &#8211; Wystawa \u201cSolidarno\u015b\u0107\u201d na 40 lat &#8211; Plac Wolno\u015bci<\/p>\n","protected":false},"excerpt":{"rendered":"<p>W niedziel\u0119, 23 sierpnia o godz. 12.00 w ko\u015bciele \u201ekolejowym\u201d b\u0119dzie celebrowana Msza \u015bw. dzi\u0119kczynna z okazji 40 rocznicy powstania NSZZ Solidarno\u015b\u0107. Eucharystii b\u0119dzie przewodniczy\u0142 i homili\u0119 wyg\u0142osi nasz rodak, ks. pra\u0142at Andrzej Dzie\u0142ak. Na uroczyste obchody zaprasza Komisja Oddzia\u0142owa NSZZ Solidarno\u015b\u0107 PKP Cargo w W\u0119gli\u0144cu. ZAPROSZENIE: Komisja Oddzia\u0142owa NSZZ Solidarno\u015b\u0107 PKP CARGO w W\u0119gli\u0144cu [&hellip;]<\/p>\n","protected":false},"author":1,"featured_media":1243,"comment_status":"closed","ping_status":"open","sticky":false,"template":"","format":"standard","meta":[],"categories":[3],"tags":[],"_links":{"self":[{"href":"https:\/\/parafiawegliniec.pl\/index.php?rest_route=\/wp\/v2\/posts\/1242"}],"collection":[{"href":"https:\/\/parafiawegliniec.pl\/index.php?rest_route=\/wp\/v2\/posts"}],"about":[{"href":"https:\/\/parafiawegliniec.pl\/index.php?rest_route=\/wp\/v2\/types\/post"}],"author":[{"embeddable":true,"href":"https:\/\/parafiawegliniec.pl\/index.php?rest_route=\/wp\/v2\/users\/1"}],"replies":[{"embeddable":true,"href":"https:\/\/parafiawegliniec.pl\/index.php?rest_route=%2Fwp%2Fv2%2Fcomments&post=1242"}],"version-history":[{"count":1,"href":"https:\/\/parafiawegliniec.pl\/index.php?rest_route=\/wp\/v2\/posts\/1242\/revisions"}],"predecessor-version":[{"id":1244,"href":"https:\/\/parafiawegliniec.pl\/index.php?rest_route=\/wp\/v2\/posts\/1242\/revisions\/1244"}],"wp:featuredmedia":[{"embeddable":true,"href":"https:\/\/parafiawegliniec.pl\/index.php?rest_route=\/wp\/v2\/media\/1243"}],"wp:attachment":[{"href":"https:\/\/parafiawegliniec.pl\/index.php?rest_route=%2Fwp%2Fv2%2Fmedia&parent=1242"}],"wp:term":[{"taxonomy":"category","embeddable":true,"href":"https:\/\/parafiawegliniec.pl\/index.php?rest_route=%2Fwp%2Fv2%2Fcategories&post=1242"},{"taxonomy":"post_tag","embeddable":true,"href":"https:\/\/parafiawegliniec.pl\/index.php?rest_route=%2Fwp%2Fv2%2Ftags&post=1242"}],"curies":[{"name":"wp","href":"https:\/\/api.w.org\/{rel}","templated":true}]}}