{"id":1250,"date":"2020-08-25T10:04:08","date_gmt":"2020-08-25T10:04:08","guid":{"rendered":"http:\/\/parafiawegliniec.pl\/?p=1250"},"modified":"2020-08-25T10:26:22","modified_gmt":"2020-08-25T10:26:22","slug":"40-rocznica-powstania-nszz-solidarnosc-galeria","status":"publish","type":"post","link":"https:\/\/parafiawegliniec.pl\/?p=1250","title":{"rendered":"40. rocznica powstania NSZZ \u201eSolidarno\u015b\u0107\u201d (+galeria)"},"content":{"rendered":"\n<p><strong>Mija 40 lat od strajk\u00f3w w sierpniu 1980 roku, kt\u00f3re zmieni\u0142y bieg historii. Zako\u0144czy\u0142y si\u0119 podpisaniem czterech porozumie\u0144 sierpniowych i powstaniem Niezale\u017cnego Samorz\u0105dnego Zwi\u0105zku Zawodowego \u201eSolidarno\u015b\u0107\u201d. W W\u0119gli\u0144cu jego dzia\u0142acze upami\u0119tnili tamte wydarzenia.&nbsp;<\/strong><\/p>\n\n\n\n<p>Uroczyste obchody 40. rocznicy powstania \u201eSolidarno\u015bci\u201d zorganizowa\u0142a Komisja Oddzia\u0142owa NSZZ Solidarno\u015b\u0107 PKP CARGO w W\u0119gli\u0144cu. Dzia\u0142acze i cz\u0142onkowie \u201eSolidarno\u015bci\u201d, parlamentarzy\u015bci, samorz\u0105dowcy oraz mieszka\u0144cy Gminy i Miasta W\u0119gliniec wzi\u0119li udzia\u0142 w mszy \u015bw. dzi\u0119kczynnej koncelebrowanej przez ks. pra\u0142ata Andrzeja Dzie\u0142aka. Spod Ko\u015bcio\u0142a Kolejowego w W\u0119gli\u0144cu zgromadzeni przemaszerowali pod przewodnictwem Orkiestry Reprezentacyjnej KWB Tur\u00f3w oraz poczt\u00f3w sztandarowych na Plac Wolno\u015bci, gdzie mogli zapozna\u0107 si\u0119 ze specjaln\u0105 wystaw\u0105 po\u015bwi\u0119con\u0105 historii NSZZ&nbsp; \u201eSolidarno\u015b\u0107\u201d.<\/p>\n\n\n\n<p>W uroczysto\u015bci udzia\u0142 wzi\u0119li m.in.:&nbsp;<strong>Stanis\u0142aw \u017buk<\/strong>&nbsp;\u2013 Pose\u0142 na Sejm RP,&nbsp;<strong>Krzysztof Mr\u00f3z<\/strong>&nbsp;\u2013 Senator RP,&nbsp;<strong>Artur Bieli\u0144ski<\/strong>&nbsp;\u2013 Starosta Powiatu Zgorzeleckiego,&nbsp;<strong>Franciszek Kope\u0107<\/strong>&nbsp;\u2013 Przewodnicz\u0105cy Zarz\u0105du Regionu Jeleniog\u00f3rskiego NSZZ \u201eSolidarno\u015b\u0107\u201d,<strong>&nbsp;Bogus\u0142aw Wojtas<\/strong>&nbsp;\u2013 Zast\u0119pca Przewodnicz\u0105cego Zarz\u0105du Regionu Jeleniog\u00f3rskiego NSZZ \u201eSolidarno\u015b\u0107\u201d,<strong>&nbsp;Tadeusz Szulc<\/strong>&nbsp;\u2013 Dyrektor Oddzia\u0142u Gospodarowania Nieruchomo\u015bciami PKP S.A. we Wroc\u0142awiu,&nbsp;<strong>Adam Duliban<\/strong>&nbsp;\u2013 Dyrektor Zak\u0142adu Przewoz\u00f3w Kolejowych PKP Cargo S.A.,&nbsp;<strong>S\u0142awomir Wochna<\/strong>&nbsp;\u2013 Dyrektor PGE GiEK S.A. Oddzia\u0142 Kopalnia W\u0119gla Brunatnego Tur\u00f3w,&nbsp;<strong>Zbigniew Gadzicki<\/strong>&nbsp;\u2013 przewodnicz\u0105cy Komisji Zak\u0142adowej PKP Cargo S.A. Dolno\u015bl\u0105ski Zak\u0142ad Sp\u00f3\u0142ki we Wroc\u0142awiu,<strong>&nbsp;Miros\u0142aw Socho\u0144<\/strong>&nbsp;\u2013 Przewodnicz\u0105cy Komisji Oddzia\u0142owej NSZZ Solidarno\u015b\u0107 PKP CARGO w W\u0119gli\u0144cu,&nbsp;<strong>Tomasz Klubowicz<\/strong>&nbsp;\u2013 Przewodnicz\u0105cy Komisji Oddzia\u0142owej NSZZ Solidarno\u015b\u0107 PKP CARGO w Kamie\u0144cu Z\u0105bkowickim,&nbsp;<strong>Sebastian Derkacz<\/strong>&nbsp;\u2013 Przewodnicz\u0105cy Komisji Oddzia\u0142owej NSZZ Solidarno\u015b\u0107 PKP CARGO w Legnicy,&nbsp;<strong>Jacek Szott<\/strong>&nbsp;\u2013 Przewodnicz\u0105cy Komisji Oddzia\u0142owej NSZZ Solidarno\u015b\u0107 PKP CARGO we Wroc\u0142awiu.&nbsp;<\/p>\n\n\n\n<h2>40 lat historii<\/h2>\n\n\n\n<p>Pierwsze zebranie otwarte za\u0142ogi w\u0119z\u0142a PKP W\u0119gliniec odby\u0142o si\u0119 18 pa\u017adziernika 1980 roku. Wol\u0105 uczestnik\u00f3w zebrania powo\u0142ano Komitet Za\u0142o\u017cycielski NSZZ Solidarno\u015b\u0107, kt\u00f3ry sk\u0142ada\u0142 si\u0119 z przedstawicieli wszystkich jednostek organizacyjnych funkcjonuj\u0105cych w \u00f3wczesnej strukturze organizacyjnej W\u0119z\u0142a W\u0119glinieckiego PKP. Jednym z pierwszych postulat\u00f3w by\u0142o \u017c\u0105danie nie wywierania presji oraz nie wyci\u0105gania konsekwencji s\u0142u\u017cbowych na pracownik\u00f3w wst\u0119puj\u0105cych do Komisji Zak\u0142adowej NSZZ \u201eSolidarno\u015b\u0107\u201d. 21 listopada 1981 r w Ko\u015bciele Kolejowym w W\u0119gli\u0144cu odby\u0142o si\u0119 uroczyste po\u015bwiecenie sztandaru NSZZ Solidarno\u015b\u0107 W\u0119z\u0142a PKP W\u0119gliniec. Msz\u0119 \u015bwi\u0119t\u0105 odprawi\u0142 Ks. Biskup Adam Dyczkowski.<\/p>\n\n\n\n<p>Aktualnie na terenie rejonu W\u0119glinieckiego funkcjonuje Komisja Oddzia\u0142owa NSZZ \u201eSolidarno\u015b\u0107\u201d wchodz\u0105ca w sk\u0142ad Komisji Zak\u0142adowej przy Zak\u0142adzie Przewoz\u00f3w Towarowych PKP CARGO we Wroc\u0142awiu.<\/p>\n\n\n\n<p>\u017ar.<a href=\"http:\/\/www.powiatzgorzelecki.pl\"> www.powiatzgorzelecki.pl<\/a><\/p>\n\n\n\n<p>[Best_Wordpress_Gallery id=&#8221;98&#8243; gal_title=&#8221;40 lecie Solidarnosci&#8221;]<\/p>\n","protected":false},"excerpt":{"rendered":"<p>Mija 40 lat od strajk\u00f3w w sierpniu 1980 roku, kt\u00f3re zmieni\u0142y bieg historii. Zako\u0144czy\u0142y si\u0119 podpisaniem czterech porozumie\u0144 sierpniowych i powstaniem Niezale\u017cnego Samorz\u0105dnego Zwi\u0105zku Zawodowego \u201eSolidarno\u015b\u0107\u201d. W W\u0119gli\u0144cu jego dzia\u0142acze upami\u0119tnili tamte wydarzenia.&nbsp; Uroczyste obchody 40. rocznicy powstania \u201eSolidarno\u015bci\u201d zorganizowa\u0142a Komisja Oddzia\u0142owa NSZZ Solidarno\u015b\u0107 PKP CARGO w W\u0119gli\u0144cu. Dzia\u0142acze i cz\u0142onkowie \u201eSolidarno\u015bci\u201d, parlamentarzy\u015bci, samorz\u0105dowcy oraz [&hellip;]<\/p>\n","protected":false},"author":1,"featured_media":1251,"comment_status":"closed","ping_status":"open","sticky":false,"template":"","format":"standard","meta":[],"categories":[3],"tags":[],"_links":{"self":[{"href":"https:\/\/parafiawegliniec.pl\/index.php?rest_route=\/wp\/v2\/posts\/1250"}],"collection":[{"href":"https:\/\/parafiawegliniec.pl\/index.php?rest_route=\/wp\/v2\/posts"}],"about":[{"href":"https:\/\/parafiawegliniec.pl\/index.php?rest_route=\/wp\/v2\/types\/post"}],"author":[{"embeddable":true,"href":"https:\/\/parafiawegliniec.pl\/index.php?rest_route=\/wp\/v2\/users\/1"}],"replies":[{"embeddable":true,"href":"https:\/\/parafiawegliniec.pl\/index.php?rest_route=%2Fwp%2Fv2%2Fcomments&post=1250"}],"version-history":[{"count":2,"href":"https:\/\/parafiawegliniec.pl\/index.php?rest_route=\/wp\/v2\/posts\/1250\/revisions"}],"predecessor-version":[{"id":1253,"href":"https:\/\/parafiawegliniec.pl\/index.php?rest_route=\/wp\/v2\/posts\/1250\/revisions\/1253"}],"wp:featuredmedia":[{"embeddable":true,"href":"https:\/\/parafiawegliniec.pl\/index.php?rest_route=\/wp\/v2\/media\/1251"}],"wp:attachment":[{"href":"https:\/\/parafiawegliniec.pl\/index.php?rest_route=%2Fwp%2Fv2%2Fmedia&parent=1250"}],"wp:term":[{"taxonomy":"category","embeddable":true,"href":"https:\/\/parafiawegliniec.pl\/index.php?rest_route=%2Fwp%2Fv2%2Fcategories&post=1250"},{"taxonomy":"post_tag","embeddable":true,"href":"https:\/\/parafiawegliniec.pl\/index.php?rest_route=%2Fwp%2Fv2%2Ftags&post=1250"}],"curies":[{"name":"wp","href":"https:\/\/api.w.org\/{rel}","templated":true}]}}