{"id":1261,"date":"2020-09-13T06:42:08","date_gmt":"2020-09-13T06:42:08","guid":{"rendered":"http:\/\/parafiawegliniec.pl\/?p=1261"},"modified":"2020-09-13T06:42:08","modified_gmt":"2020-09-13T06:42:08","slug":"89-rocznica-poswiecenia-naszego-kosciola-parafialnego","status":"publish","type":"post","link":"https:\/\/parafiawegliniec.pl\/?p=1261","title":{"rendered":"89 rocznica po\u015bwi\u0119cenia naszego ko\u015bcio\u0142a parafialnego"},"content":{"rendered":"\n<p><strong>Dzisiaj obchodzimy 89 rocznic\u0119 po\u015bwi\u0119cenia naszego ko\u015bcio\u0142a parafialnego. <\/strong>W tym dniu b\u0119dziemy dzi\u0119kowa\u0107 Panu Bogu za wielkie dobro i obfito\u015b\u0107 \u0142ask, kt\u00f3re stawa\u0142y si\u0119 udzia\u0142em naszych przodk\u00f3w i ci\u0105gle s\u0105 do\u015bwiadczeniem naszej wsp\u00f3lnoty parafialnej. Wyrazimy tak\u017ce wdzi\u0119czno\u015b\u0107 za budowniczych naszego ko\u015bcio\u0142a i za tych, kt\u00f3rzy obecnie z wielkim oddaniem dbaj\u0105 o jego zewn\u0119trzne pi\u0119kno oraz z odpowiedzialno\u015bci\u0105 i trosk\u0105 w\u0142\u0105czaj\u0105 si\u0119 w budowanie rodziny parafialnej.<\/p>\n\n\n\n<p>R\u00f3wnie\u017c dzisiaj zapraszamy do ko\u015bcio\u0142a parafialnego na nabo\u017ce\u0144stwo ku czci NMP z Fatimy. O godz. 17.00 indywidualna modlitwa przed figur\u0105 Matki Bo\u017cej, od godz. 17.15 wsp\u00f3lny r\u00f3\u017caniec, o 18.00 Eucharystia a po niej procesja wok\u00f3\u0142 ko\u015bcio\u0142a. <\/p>\n","protected":false},"excerpt":{"rendered":"<p>Dzisiaj obchodzimy 89 rocznic\u0119 po\u015bwi\u0119cenia naszego ko\u015bcio\u0142a parafialnego. W tym dniu b\u0119dziemy dzi\u0119kowa\u0107 Panu Bogu za wielkie dobro i obfito\u015b\u0107 \u0142ask, kt\u00f3re stawa\u0142y si\u0119 udzia\u0142em naszych przodk\u00f3w i ci\u0105gle s\u0105 do\u015bwiadczeniem naszej wsp\u00f3lnoty parafialnej. Wyrazimy tak\u017ce wdzi\u0119czno\u015b\u0107 za budowniczych naszego ko\u015bcio\u0142a i za tych, kt\u00f3rzy obecnie z wielkim oddaniem dbaj\u0105 o jego zewn\u0119trzne pi\u0119kno oraz [&hellip;]<\/p>\n","protected":false},"author":1,"featured_media":212,"comment_status":"closed","ping_status":"open","sticky":false,"template":"","format":"standard","meta":[],"categories":[3],"tags":[],"_links":{"self":[{"href":"https:\/\/parafiawegliniec.pl\/index.php?rest_route=\/wp\/v2\/posts\/1261"}],"collection":[{"href":"https:\/\/parafiawegliniec.pl\/index.php?rest_route=\/wp\/v2\/posts"}],"about":[{"href":"https:\/\/parafiawegliniec.pl\/index.php?rest_route=\/wp\/v2\/types\/post"}],"author":[{"embeddable":true,"href":"https:\/\/parafiawegliniec.pl\/index.php?rest_route=\/wp\/v2\/users\/1"}],"replies":[{"embeddable":true,"href":"https:\/\/parafiawegliniec.pl\/index.php?rest_route=%2Fwp%2Fv2%2Fcomments&post=1261"}],"version-history":[{"count":1,"href":"https:\/\/parafiawegliniec.pl\/index.php?rest_route=\/wp\/v2\/posts\/1261\/revisions"}],"predecessor-version":[{"id":1262,"href":"https:\/\/parafiawegliniec.pl\/index.php?rest_route=\/wp\/v2\/posts\/1261\/revisions\/1262"}],"wp:featuredmedia":[{"embeddable":true,"href":"https:\/\/parafiawegliniec.pl\/index.php?rest_route=\/wp\/v2\/media\/212"}],"wp:attachment":[{"href":"https:\/\/parafiawegliniec.pl\/index.php?rest_route=%2Fwp%2Fv2%2Fmedia&parent=1261"}],"wp:term":[{"taxonomy":"category","embeddable":true,"href":"https:\/\/parafiawegliniec.pl\/index.php?rest_route=%2Fwp%2Fv2%2Fcategories&post=1261"},{"taxonomy":"post_tag","embeddable":true,"href":"https:\/\/parafiawegliniec.pl\/index.php?rest_route=%2Fwp%2Fv2%2Ftags&post=1261"}],"curies":[{"name":"wp","href":"https:\/\/api.w.org\/{rel}","templated":true}]}}