{"id":1688,"date":"2021-02-08T13:27:47","date_gmt":"2021-02-08T13:27:47","guid":{"rendered":"http:\/\/parafiawegliniec.pl\/?p=1688"},"modified":"2021-02-08T13:27:48","modified_gmt":"2021-02-08T13:27:48","slug":"grupa-pokutna-z-ks-pawlem-wolczanskim-na-szlaku-pielgrzymkowym-na-jasna-gore","status":"publish","type":"post","link":"https:\/\/parafiawegliniec.pl\/?p=1688","title":{"rendered":"Grupa pokutna z ks. Paw\u0142em Wo\u0142cza\u0144skim na szlaku pielgrzymkowym na Jasn\u0105 G\u00f3r\u0119"},"content":{"rendered":"\n<p>Dnia 29 lipca 2021 r. wyruszy piesza pielgrzymka na Jasn\u0105 G\u00f3r\u0119, podczas kt\u00f3rej swoj\u0105 reaktywacj\u0119 b\u0119dzie mia\u0142a grupa pokutna. Jej przewodnikiem zosta\u0142 nasz proboszcz ks. Pawe\u0142 Wo\u0142cza\u0144ski. <\/p>\n\n\n\n<p>Serdecznie zapraszamy do zapoznania si\u0119 z artyku\u0142em zamieszczonym na stronie legnica.fm<\/p>\n\n\n\n<p><a href=\"https:\/\/legnica.fm\/wiadomosci\/wiadomosci-diecezja\/37433-grupa-pokutna-reaktywacja?fbclid=IwAR0BKtHz9dtzKD7UrqocbeHBw-2pjyTF0JRW6NBzxSEV3ltREU5q1hTJ1GU\">https:\/\/legnica.fm\/wiadomosci\/wiadomosci-diecezja\/37433-grupa-pokutna-reaktywacja?fbclid=IwAR0BKtHz9dtzKD7UrqocbeHBw-2pjyTF0JRW6NBzxSEV3ltREU5q1hTJ1GU<\/a><\/p>\n\n\n\n<p><\/p>\n","protected":false},"excerpt":{"rendered":"<p>Dnia 29 lipca 2021 r. wyruszy piesza pielgrzymka na Jasn\u0105 G\u00f3r\u0119, podczas kt\u00f3rej swoj\u0105 reaktywacj\u0119 b\u0119dzie mia\u0142a grupa pokutna. Jej przewodnikiem zosta\u0142 nasz proboszcz ks. Pawe\u0142 Wo\u0142cza\u0144ski. Serdecznie zapraszamy do zapoznania si\u0119 z artyku\u0142em zamieszczonym na stronie legnica.fm https:\/\/legnica.fm\/wiadomosci\/wiadomosci-diecezja\/37433-grupa-pokutna-reaktywacja?fbclid=IwAR0BKtHz9dtzKD7UrqocbeHBw-2pjyTF0JRW6NBzxSEV3ltREU5q1hTJ1GU<\/p>\n","protected":false},"author":1,"featured_media":1689,"comment_status":"closed","ping_status":"open","sticky":false,"template":"","format":"standard","meta":[],"categories":[3],"tags":[],"_links":{"self":[{"href":"https:\/\/parafiawegliniec.pl\/index.php?rest_route=\/wp\/v2\/posts\/1688"}],"collection":[{"href":"https:\/\/parafiawegliniec.pl\/index.php?rest_route=\/wp\/v2\/posts"}],"about":[{"href":"https:\/\/parafiawegliniec.pl\/index.php?rest_route=\/wp\/v2\/types\/post"}],"author":[{"embeddable":true,"href":"https:\/\/parafiawegliniec.pl\/index.php?rest_route=\/wp\/v2\/users\/1"}],"replies":[{"embeddable":true,"href":"https:\/\/parafiawegliniec.pl\/index.php?rest_route=%2Fwp%2Fv2%2Fcomments&post=1688"}],"version-history":[{"count":2,"href":"https:\/\/parafiawegliniec.pl\/index.php?rest_route=\/wp\/v2\/posts\/1688\/revisions"}],"predecessor-version":[{"id":1691,"href":"https:\/\/parafiawegliniec.pl\/index.php?rest_route=\/wp\/v2\/posts\/1688\/revisions\/1691"}],"wp:featuredmedia":[{"embeddable":true,"href":"https:\/\/parafiawegliniec.pl\/index.php?rest_route=\/wp\/v2\/media\/1689"}],"wp:attachment":[{"href":"https:\/\/parafiawegliniec.pl\/index.php?rest_route=%2Fwp%2Fv2%2Fmedia&parent=1688"}],"wp:term":[{"taxonomy":"category","embeddable":true,"href":"https:\/\/parafiawegliniec.pl\/index.php?rest_route=%2Fwp%2Fv2%2Fcategories&post=1688"},{"taxonomy":"post_tag","embeddable":true,"href":"https:\/\/parafiawegliniec.pl\/index.php?rest_route=%2Fwp%2Fv2%2Ftags&post=1688"}],"curies":[{"name":"wp","href":"https:\/\/api.w.org\/{rel}","templated":true}]}}