{"id":2013,"date":"2021-07-01T08:44:57","date_gmt":"2021-07-01T08:44:57","guid":{"rendered":"http:\/\/parafiawegliniec.pl\/?p=2013"},"modified":"2021-07-01T08:44:59","modified_gmt":"2021-07-01T08:44:59","slug":"imieniny-ks-pawla","status":"publish","type":"post","link":"https:\/\/parafiawegliniec.pl\/?p=2013","title":{"rendered":"Imieniny ks. Paw\u0142a"},"content":{"rendered":"\n<p>29 czerwca obchodzona jest w Ko\u015bciele Katolickim uroczysto\u015b\u0107 \u015bw. Piotra i Paw\u0142a. W tym r\u00f3wnie\u017c dniu w naszej parafii imieniny obchodzi ksi\u0105dz proboszcz Pawe\u0142 Wo\u0142cza\u0144ski. Korzystaj\u0105c z tej okazji \u017cyczymy ksi\u0119dzu Paw\u0142owi wszelkich \u0142ask Bo\u017cych, opieki Matki Bo\u017cej, du\u017co rado\u015bci i u\u015bmiechu na co dzie\u0144, zadowolenia z parafian i du\u017co \u017cyczliwo\u015bci ludzkiej. <\/p>\n\n\n\n<div class=\"wp-container-7 wp-block-columns alignfull\">\n<div class=\"wp-container-6 wp-block-column\" style=\"flex-basis:100%\">\n<div class=\"wp-container-5 wp-block-columns\">\n<div class=\"wp-container-4 wp-block-column\" style=\"flex-basis:100%\">\n<div class=\"wp-container-3 wp-block-group\"><div class=\"wp-block-group__inner-container\">\n<div class=\"wp-container-2 wp-block-columns\">\n<div class=\"wp-container-1 wp-block-column\" style=\"flex-basis:100%\">\n<div class=\"wp-block-image\"><figure class=\"aligncenter size-full\"><img loading=\"lazy\" width=\"720\" height=\"960\" src=\"http:\/\/parafiawegliniec.pl\/wp-content\/uploads\/2021\/07\/203663660_842837359658401_3609219267528177573_n-1.jpg\" alt=\"\" class=\"wp-image-2023\" srcset=\"https:\/\/parafiawegliniec.pl\/wp-content\/uploads\/2021\/07\/203663660_842837359658401_3609219267528177573_n-1.jpg 720w, https:\/\/parafiawegliniec.pl\/wp-content\/uploads\/2021\/07\/203663660_842837359658401_3609219267528177573_n-1-225x300.jpg 225w, https:\/\/parafiawegliniec.pl\/wp-content\/uploads\/2021\/07\/203663660_842837359658401_3609219267528177573_n-1-400x533.jpg 400w\" sizes=\"(max-width: 720px) 100vw, 720px\" \/><\/figure><\/div>\n\n\n\n<div class=\"wp-block-image\"><figure class=\"aligncenter size-full\"><img loading=\"lazy\" width=\"720\" height=\"960\" src=\"http:\/\/parafiawegliniec.pl\/wp-content\/uploads\/2021\/07\/206364163_842837379658399_4700994389174401247_n-1.jpg\" alt=\"\" class=\"wp-image-2024\" srcset=\"https:\/\/parafiawegliniec.pl\/wp-content\/uploads\/2021\/07\/206364163_842837379658399_4700994389174401247_n-1.jpg 720w, https:\/\/parafiawegliniec.pl\/wp-content\/uploads\/2021\/07\/206364163_842837379658399_4700994389174401247_n-1-225x300.jpg 225w, https:\/\/parafiawegliniec.pl\/wp-content\/uploads\/2021\/07\/206364163_842837379658399_4700994389174401247_n-1-400x533.jpg 400w\" sizes=\"(max-width: 720px) 100vw, 720px\" \/><\/figure><\/div>\n\n\n\n<div class=\"wp-block-image\"><figure class=\"aligncenter size-full\"><img loading=\"lazy\" width=\"720\" height=\"960\" src=\"http:\/\/parafiawegliniec.pl\/wp-content\/uploads\/2021\/07\/209267899_842837432991727_690596846654698106_n-1.jpg\" alt=\"\" class=\"wp-image-2025\" srcset=\"https:\/\/parafiawegliniec.pl\/wp-content\/uploads\/2021\/07\/209267899_842837432991727_690596846654698106_n-1.jpg 720w, https:\/\/parafiawegliniec.pl\/wp-content\/uploads\/2021\/07\/209267899_842837432991727_690596846654698106_n-1-225x300.jpg 225w, https:\/\/parafiawegliniec.pl\/wp-content\/uploads\/2021\/07\/209267899_842837432991727_690596846654698106_n-1-400x533.jpg 400w\" sizes=\"(max-width: 720px) 100vw, 720px\" \/><\/figure><\/div>\n\n\n\n<div class=\"wp-block-image\"><figure class=\"aligncenter size-full\"><img loading=\"lazy\" width=\"720\" height=\"960\" src=\"http:\/\/parafiawegliniec.pl\/wp-content\/uploads\/2021\/07\/209439234_842837282991742_8869329850248157010_n-1.jpg\" alt=\"\" class=\"wp-image-2026\" srcset=\"https:\/\/parafiawegliniec.pl\/wp-content\/uploads\/2021\/07\/209439234_842837282991742_8869329850248157010_n-1.jpg 720w, https:\/\/parafiawegliniec.pl\/wp-content\/uploads\/2021\/07\/209439234_842837282991742_8869329850248157010_n-1-225x300.jpg 225w, https:\/\/parafiawegliniec.pl\/wp-content\/uploads\/2021\/07\/209439234_842837282991742_8869329850248157010_n-1-400x533.jpg 400w\" sizes=\"(max-width: 720px) 100vw, 720px\" \/><\/figure><\/div>\n\n\n\n<div class=\"wp-block-image\"><figure class=\"aligncenter size-full\"><img loading=\"lazy\" width=\"720\" height=\"960\" src=\"http:\/\/parafiawegliniec.pl\/wp-content\/uploads\/2021\/07\/209666900_842837329658404_6959692767412440357_n-1.jpg\" alt=\"\" class=\"wp-image-2027\" srcset=\"https:\/\/parafiawegliniec.pl\/wp-content\/uploads\/2021\/07\/209666900_842837329658404_6959692767412440357_n-1.jpg 720w, https:\/\/parafiawegliniec.pl\/wp-content\/uploads\/2021\/07\/209666900_842837329658404_6959692767412440357_n-1-225x300.jpg 225w, https:\/\/parafiawegliniec.pl\/wp-content\/uploads\/2021\/07\/209666900_842837329658404_6959692767412440357_n-1-400x533.jpg 400w\" sizes=\"(max-width: 720px) 100vw, 720px\" \/><\/figure><\/div>\n\n\n\n<div class=\"wp-block-image\"><figure class=\"aligncenter size-full\"><img loading=\"lazy\" width=\"720\" height=\"960\" src=\"http:\/\/parafiawegliniec.pl\/wp-content\/uploads\/2021\/07\/210741599_842837196325084_5136525405470959661_n-1.jpg\" alt=\"\" class=\"wp-image-2028\" srcset=\"https:\/\/parafiawegliniec.pl\/wp-content\/uploads\/2021\/07\/210741599_842837196325084_5136525405470959661_n-1.jpg 720w, https:\/\/parafiawegliniec.pl\/wp-content\/uploads\/2021\/07\/210741599_842837196325084_5136525405470959661_n-1-225x300.jpg 225w, https:\/\/parafiawegliniec.pl\/wp-content\/uploads\/2021\/07\/210741599_842837196325084_5136525405470959661_n-1-400x533.jpg 400w\" sizes=\"(max-width: 720px) 100vw, 720px\" \/><\/figure><\/div>\n\n\n\n<div class=\"wp-block-image\"><figure class=\"aligncenter size-full\"><img loading=\"lazy\" width=\"720\" height=\"960\" src=\"http:\/\/parafiawegliniec.pl\/wp-content\/uploads\/2021\/07\/210781657_842837236325080_6273820971719165282_n-1.jpg\" alt=\"\" class=\"wp-image-2029\" srcset=\"https:\/\/parafiawegliniec.pl\/wp-content\/uploads\/2021\/07\/210781657_842837236325080_6273820971719165282_n-1.jpg 720w, https:\/\/parafiawegliniec.pl\/wp-content\/uploads\/2021\/07\/210781657_842837236325080_6273820971719165282_n-1-225x300.jpg 225w, https:\/\/parafiawegliniec.pl\/wp-content\/uploads\/2021\/07\/210781657_842837236325080_6273820971719165282_n-1-400x533.jpg 400w\" sizes=\"(max-width: 720px) 100vw, 720px\" \/><\/figure><\/div>\n\n\n\n<div class=\"wp-block-image\"><figure class=\"aligncenter size-full\"><img loading=\"lazy\" width=\"720\" height=\"960\" src=\"http:\/\/parafiawegliniec.pl\/wp-content\/uploads\/2021\/07\/211164350_842837466325057_3556319271657436125_n-1.jpg\" alt=\"\" class=\"wp-image-2030\" srcset=\"https:\/\/parafiawegliniec.pl\/wp-content\/uploads\/2021\/07\/211164350_842837466325057_3556319271657436125_n-1.jpg 720w, https:\/\/parafiawegliniec.pl\/wp-content\/uploads\/2021\/07\/211164350_842837466325057_3556319271657436125_n-1-225x300.jpg 225w, https:\/\/parafiawegliniec.pl\/wp-content\/uploads\/2021\/07\/211164350_842837466325057_3556319271657436125_n-1-400x533.jpg 400w\" sizes=\"(max-width: 720px) 100vw, 720px\" \/><\/figure><\/div>\n\n\n\n<div class=\"wp-block-image\"><figure class=\"aligncenter size-full\"><img loading=\"lazy\" width=\"720\" height=\"960\" src=\"http:\/\/parafiawegliniec.pl\/wp-content\/uploads\/2021\/07\/211360013_842837492991721_1699991946245421933_n-1.jpg\" alt=\"\" class=\"wp-image-2031\" srcset=\"https:\/\/parafiawegliniec.pl\/wp-content\/uploads\/2021\/07\/211360013_842837492991721_1699991946245421933_n-1.jpg 720w, https:\/\/parafiawegliniec.pl\/wp-content\/uploads\/2021\/07\/211360013_842837492991721_1699991946245421933_n-1-225x300.jpg 225w, https:\/\/parafiawegliniec.pl\/wp-content\/uploads\/2021\/07\/211360013_842837492991721_1699991946245421933_n-1-400x533.jpg 400w\" sizes=\"(max-width: 720px) 100vw, 720px\" \/><\/figure><\/div>\n<\/div>\n<\/div>\n<\/div><\/div>\n<\/div>\n<\/div>\n<\/div>\n<\/div>\n","protected":false},"excerpt":{"rendered":"<p>29 czerwca obchodzona jest w Ko\u015bciele Katolickim uroczysto\u015b\u0107 \u015bw. Piotra i Paw\u0142a. W tym r\u00f3wnie\u017c dniu w naszej parafii imieniny obchodzi ksi\u0105dz proboszcz Pawe\u0142 Wo\u0142cza\u0144ski. Korzystaj\u0105c z tej okazji \u017cyczymy ksi\u0119dzu Paw\u0142owi wszelkich \u0142ask Bo\u017cych, opieki Matki Bo\u017cej, du\u017co rado\u015bci i u\u015bmiechu na co dzie\u0144, zadowolenia z parafian i du\u017co \u017cyczliwo\u015bci ludzkiej.<\/p>\n","protected":false},"author":1,"featured_media":1941,"comment_status":"closed","ping_status":"open","sticky":false,"template":"","format":"standard","meta":[],"categories":[3],"tags":[],"_links":{"self":[{"href":"https:\/\/parafiawegliniec.pl\/index.php?rest_route=\/wp\/v2\/posts\/2013"}],"collection":[{"href":"https:\/\/parafiawegliniec.pl\/index.php?rest_route=\/wp\/v2\/posts"}],"about":[{"href":"https:\/\/parafiawegliniec.pl\/index.php?rest_route=\/wp\/v2\/types\/post"}],"author":[{"embeddable":true,"href":"https:\/\/parafiawegliniec.pl\/index.php?rest_route=\/wp\/v2\/users\/1"}],"replies":[{"embeddable":true,"href":"https:\/\/parafiawegliniec.pl\/index.php?rest_route=%2Fwp%2Fv2%2Fcomments&post=2013"}],"version-history":[{"count":2,"href":"https:\/\/parafiawegliniec.pl\/index.php?rest_route=\/wp\/v2\/posts\/2013\/revisions"}],"predecessor-version":[{"id":2033,"href":"https:\/\/parafiawegliniec.pl\/index.php?rest_route=\/wp\/v2\/posts\/2013\/revisions\/2033"}],"wp:featuredmedia":[{"embeddable":true,"href":"https:\/\/parafiawegliniec.pl\/index.php?rest_route=\/wp\/v2\/media\/1941"}],"wp:attachment":[{"href":"https:\/\/parafiawegliniec.pl\/index.php?rest_route=%2Fwp%2Fv2%2Fmedia&parent=2013"}],"wp:term":[{"taxonomy":"category","embeddable":true,"href":"https:\/\/parafiawegliniec.pl\/index.php?rest_route=%2Fwp%2Fv2%2Fcategories&post=2013"},{"taxonomy":"post_tag","embeddable":true,"href":"https:\/\/parafiawegliniec.pl\/index.php?rest_route=%2Fwp%2Fv2%2Ftags&post=2013"}],"curies":[{"name":"wp","href":"https:\/\/api.w.org\/{rel}","templated":true}]}}