{"id":2034,"date":"2021-07-01T08:48:42","date_gmt":"2021-07-01T08:48:42","guid":{"rendered":"http:\/\/parafiawegliniec.pl\/?p=2034"},"modified":"2021-07-01T08:48:44","modified_gmt":"2021-07-01T08:48:44","slug":"odnowiony-zegar","status":"publish","type":"post","link":"https:\/\/parafiawegliniec.pl\/?p=2034","title":{"rendered":"Odnowiony zegar"},"content":{"rendered":"\n<p>Tak wygl\u0105da odnowiony przez Pana Jerzego Anulewicza mechanizm zegara, kt\u00f3ry znajduje si\u0119 w wie\u017cy ko\u015bcio\u0142a parafialnego w W\u0119gli\u0144cu. Niebawem b\u0119dziemy mogli zobaczy\u0107 w\u0142a\u015bciw\u0105 godzin\u0119 na wie\u017cy ko\u015bcielnej.<\/p>\n\n\n\n<p><\/p>\n\n\n\n<figure class=\"wp-container-2 wp-block-gallery-1 wp-block-gallery columns-1 is-cropped\"><ul class=\"blocks-gallery-grid\"><li class=\"blocks-gallery-item\"><figure><img loading=\"lazy\" width=\"720\" height=\"960\" src=\"http:\/\/parafiawegliniec.pl\/wp-content\/uploads\/2021\/07\/zegar-1.jpg\" alt=\"\" data-id=\"2035\" data-full-url=\"http:\/\/parafiawegliniec.pl\/wp-content\/uploads\/2021\/07\/zegar-1.jpg\" data-link=\"http:\/\/parafiawegliniec.pl\/?attachment_id=2035\" class=\"wp-image-2035\" srcset=\"https:\/\/parafiawegliniec.pl\/wp-content\/uploads\/2021\/07\/zegar-1.jpg 720w, https:\/\/parafiawegliniec.pl\/wp-content\/uploads\/2021\/07\/zegar-1-225x300.jpg 225w, https:\/\/parafiawegliniec.pl\/wp-content\/uploads\/2021\/07\/zegar-1-400x533.jpg 400w\" sizes=\"(max-width: 720px) 100vw, 720px\" \/><\/figure><\/li><li class=\"blocks-gallery-item\"><figure><img loading=\"lazy\" width=\"720\" height=\"960\" src=\"http:\/\/parafiawegliniec.pl\/wp-content\/uploads\/2021\/07\/zegar-2.jpg\" alt=\"\" data-id=\"2036\" data-full-url=\"http:\/\/parafiawegliniec.pl\/wp-content\/uploads\/2021\/07\/zegar-2.jpg\" data-link=\"http:\/\/parafiawegliniec.pl\/?attachment_id=2036\" class=\"wp-image-2036\" srcset=\"https:\/\/parafiawegliniec.pl\/wp-content\/uploads\/2021\/07\/zegar-2.jpg 720w, https:\/\/parafiawegliniec.pl\/wp-content\/uploads\/2021\/07\/zegar-2-225x300.jpg 225w, https:\/\/parafiawegliniec.pl\/wp-content\/uploads\/2021\/07\/zegar-2-400x533.jpg 400w\" sizes=\"(max-width: 720px) 100vw, 720px\" \/><\/figure><\/li><li class=\"blocks-gallery-item\"><figure><img loading=\"lazy\" width=\"720\" height=\"960\" src=\"http:\/\/parafiawegliniec.pl\/wp-content\/uploads\/2021\/07\/zegar-3.jpg\" alt=\"\" data-id=\"2037\" data-full-url=\"http:\/\/parafiawegliniec.pl\/wp-content\/uploads\/2021\/07\/zegar-3.jpg\" data-link=\"http:\/\/parafiawegliniec.pl\/?attachment_id=2037\" class=\"wp-image-2037\" srcset=\"https:\/\/parafiawegliniec.pl\/wp-content\/uploads\/2021\/07\/zegar-3.jpg 720w, https:\/\/parafiawegliniec.pl\/wp-content\/uploads\/2021\/07\/zegar-3-225x300.jpg 225w, https:\/\/parafiawegliniec.pl\/wp-content\/uploads\/2021\/07\/zegar-3-400x533.jpg 400w\" sizes=\"(max-width: 720px) 100vw, 720px\" \/><\/figure><\/li><\/ul><\/figure>\n","protected":false},"excerpt":{"rendered":"<p>Tak wygl\u0105da odnowiony przez Pana Jerzego Anulewicza mechanizm zegara, kt\u00f3ry znajduje si\u0119 w wie\u017cy ko\u015bcio\u0142a parafialnego w W\u0119gli\u0144cu. Niebawem b\u0119dziemy mogli zobaczy\u0107 w\u0142a\u015bciw\u0105 godzin\u0119 na wie\u017cy ko\u015bcielnej.<\/p>\n","protected":false},"author":1,"featured_media":1286,"comment_status":"closed","ping_status":"open","sticky":false,"template":"","format":"standard","meta":[],"categories":[3],"tags":[],"_links":{"self":[{"href":"https:\/\/parafiawegliniec.pl\/index.php?rest_route=\/wp\/v2\/posts\/2034"}],"collection":[{"href":"https:\/\/parafiawegliniec.pl\/index.php?rest_route=\/wp\/v2\/posts"}],"about":[{"href":"https:\/\/parafiawegliniec.pl\/index.php?rest_route=\/wp\/v2\/types\/post"}],"author":[{"embeddable":true,"href":"https:\/\/parafiawegliniec.pl\/index.php?rest_route=\/wp\/v2\/users\/1"}],"replies":[{"embeddable":true,"href":"https:\/\/parafiawegliniec.pl\/index.php?rest_route=%2Fwp%2Fv2%2Fcomments&post=2034"}],"version-history":[{"count":1,"href":"https:\/\/parafiawegliniec.pl\/index.php?rest_route=\/wp\/v2\/posts\/2034\/revisions"}],"predecessor-version":[{"id":2038,"href":"https:\/\/parafiawegliniec.pl\/index.php?rest_route=\/wp\/v2\/posts\/2034\/revisions\/2038"}],"wp:featuredmedia":[{"embeddable":true,"href":"https:\/\/parafiawegliniec.pl\/index.php?rest_route=\/wp\/v2\/media\/1286"}],"wp:attachment":[{"href":"https:\/\/parafiawegliniec.pl\/index.php?rest_route=%2Fwp%2Fv2%2Fmedia&parent=2034"}],"wp:term":[{"taxonomy":"category","embeddable":true,"href":"https:\/\/parafiawegliniec.pl\/index.php?rest_route=%2Fwp%2Fv2%2Fcategories&post=2034"},{"taxonomy":"post_tag","embeddable":true,"href":"https:\/\/parafiawegliniec.pl\/index.php?rest_route=%2Fwp%2Fv2%2Ftags&post=2034"}],"curies":[{"name":"wp","href":"https:\/\/api.w.org\/{rel}","templated":true}]}}