{"id":2109,"date":"2021-08-09T11:23:03","date_gmt":"2021-08-09T11:23:03","guid":{"rendered":"http:\/\/parafiawegliniec.pl\/?p=2109"},"modified":"2021-08-09T11:23:05","modified_gmt":"2021-08-09T11:23:05","slug":"pielgrzymka-na-jasna-gore","status":"publish","type":"post","link":"https:\/\/parafiawegliniec.pl\/?p=2109","title":{"rendered":"Pielgrzymka na Jasn\u0105 G\u00f3r\u0119"},"content":{"rendered":"\n<p><strong><em>Pielgrzymka, pielgrzymka i po pielgrzymce\u2026<\/em><\/strong><\/p>\n\n\n\n<p><br>Tak w\u0142a\u015bnie chcia\u0142oby si\u0119 powiedzie\u0107, ale czy to naprawd\u0119 koniec?<br>A mo\u017ce pielgrzymka w niekt\u00f3rych sercach dopiero si\u0119 rozpocz\u0119\u0142a\u2026 droga wiary, kt\u00f3r\u0105 trzeba przej\u015b\u0107; droga, kt\u00f3ra mia\u0142a sw\u00f3j pocz\u0105tek przed obliczem Matki Boskiej Cz\u0119stochowskiej. Grupa 7 \u201epokutna\u201d \u2013 taki charakter mia\u0142o w\u0142a\u015bnie nasze w\u0119drowanie. Nazwa mo\u017ce przera\u017ca co niekt\u00f3rych, ale spokojnie\u2026 do Cz\u0119stochowy szli\u015bmy na nogach a nie na kolanach. Nasza grupa charakteryzowa\u0142a si\u0119 tym, \u017ce wi\u0119cej czasu po\u015bwi\u0119cali\u015bmy modlitwie, poznawali\u015bmy jak Pan B\u00f3g dzia\u0142a\u0142 w \u017cyciu \u015bwi\u0119tych\u2026 Oczywi\u015bcie by\u0142y te\u017c \u015bpiewy, kt\u00f3re dodawa\u0142y nam si\u0142y w drodze. Wielu p\u0105tnik\u00f3w z naszej grupy nios\u0142o intencje w\u0142asne, swoich bliskich, znajomych\u2026 Oddawali\u015bmy<br>Maryi to co dobre, ale r\u00f3wnie\u017c i to, co jest w nas niedoskona\u0142e, s\u0142abe.<\/p>\n\n\n\n<p><br><strong>31 lipca<\/strong> wyruszyli\u015bmy z Ty\u0144ca Ma\u0142ego do O\u0142awy, ok. 30 km. Szli\u015bmy z przerwami 10 godzin. Na ostatnim etapie czu\u0107 ju\u017c by\u0142o zm\u0119czenie, zw\u0142aszcza, \u017ce s\u0142o\u0144ce zacz\u0119\u0142o mocniej przypieka\u0107, a droga prowadzi\u0142a po\u015br\u00f3d p\u00f3l. Zm\u0119czenie jednak nie by\u0142o a\u017c tak wielkie, by przesta\u0107 \u015bpiewa\u0107, modli\u0107 si\u0119 a nawet skaka\u0107, u\u015bmiech na twarzy pozosta\u0142 a\u017c do samej O\u0142awy. <\/p>\n\n\n\n<p>Co by\u0142o najpi\u0119kniejsze podczas drogi? <\/p>\n\n\n\n<p>Duch pielgrzymki, dobro\u0107 ludzi, kt\u00f3rych spotkali\u015bmy, \u0142zy wzruszenia u os\u00f3b starszych\u2026. Mieszka\u0144cy poszczeg\u00f3lnych miejscowo\u015bci machali do nas z okien, balkon\u00f3w (nawet tych na 10-tym pi\u0119trze) a my mogli\u015bmy ich pozdrowi\u0107, pomacha\u0107 i \u017cyczy\u0107 im: SZCZ\u0118\u015a\u0106 BO\u017bE! Na ka\u017cdym postoju czeka\u0142y na nas pyszno\u015bci, kt\u00f3re przygotowali mieszka\u0144cy, wielki dar serca, za kt\u00f3ry byli\u015bmy bardzo wdzi\u0119czni. W grupie 7 sz\u0142y razem z nami wspania\u0142e siostrzyczki albertynki z Poznania: s. Dobrawa i s. Helena. Dzi\u0119kujemy za to, \u017ce siostry by\u0142y z nami i zapraszamy do W\u0119gli\u0144ca. Gdy dotarli\u015bmy do O\u0142awy chyba ka\u017cdy z nas pomy\u015bla\u0142 \u201eTo ju\u017c koniec??\u201d, \u201eTo ju\u017c??\u201d Nie<br>spodziewali\u015bmy si\u0119, \u017ce droga tak szybko nam minie. O\u0142awa nie by\u0142a dla nas met\u0105 i ko\u0144cem dnia\u2026 Po kr\u00f3tkim odpoczynku ruszyli\u015bmy autokarem na Jasn\u0105 G\u00f3r\u0119. Dotarli\u015bmy przed oblicze Maryi tu\u017c przed rozpocz\u0119ciem Apelu i modlili\u015bmy si\u0119 razem z t\u0142umem pielgrzym\u00f3w odwiedzaj\u0105cych Sanktuarium Kr\u00f3lowej Polski.<\/p>\n\n\n\n<p><br><strong>7 sierpnia<\/strong> wyjechali\u015bmy znowu w stron\u0119 Cz\u0119stochowy, aby odda\u0107 pok\u0142on Maryi wraz z innymi pielgrzymami, z innymi grupami. Droga, kt\u00f3r\u0105 przeszli\u015bmy z Blachowni na Jasn\u0105 G\u00f3r\u0119 wynosi\u0142a 18 km, w\u0119drowanie trwa\u0142o ok. 5 godzin. To nie by\u0142a droga przez pola i lasy\u2026 szli\u015bmy ju\u017c po centrum Cz\u0119stochowy, gdzie naprawd\u0119 ka\u017cdy z nas musia\u0142 uwa\u017ca\u0107. I tu wielkie uk\u0142ony nale\u017c\u0105 si\u0119 s\u0142u\u017cbie porz\u0105dkowej pielgrzymki. Podziwiali\u015bmy, jak bracia porz\u0105dkowi kierowali ruchem: bez stresu, nerw\u00f3w\u2026 Musieli obserwowa\u0107 zachowanie kierowc\u00f3w, czuwa\u0107 nad nami i niekiedy przy\u015bpiesza\u0107 nasze tempo. Samo wej\u015bcie na Jasn\u0105 G\u00f3r\u0119 by\u0142o niezwyk\u0142ym prze\u017cyciem. Wszystkie grupy pielgrzymkowe z diecezji legnickiej tego samego dnia zjawi\u0142y si\u0119 przed obliczem Kr\u00f3lowej Polski, aby<br>si\u0119 z ni\u0105 przywita\u0107 i podzi\u0119kowa\u0107 za dar pielgrzymowania. Ka\u017cda z grup indywidualnie mog\u0142a podej\u015b\u0107 przed Cudowny Obraz w kaplicy jasnog\u00f3rskiej oraz za\u015bpiewa\u0107 powitaln\u0105 pie\u015b\u0144 i odda\u0107 pok\u0142on Matce Naj\u015bwi\u0119tszej.<\/p>\n\n\n\n<p><strong><br>Podsumowuj\u0105c\u2026.<\/strong><br>Mimo b\u00f3lu n\u00f3g, og\u00f3lnego zm\u0119czenia organizmu, przyg\u00f3d, kt\u00f3re napotka\u0142y nas w drodze, rado\u015b\u0107, kt\u00f3ra towarzyszy\u0142a nam w czasie w\u0119dr\u00f3wki i po pielgrzymce, jest nie do opisania. Dobrze, \u017ce w naszej Parafii by\u0142y spotkania przy Grocie Maryi. Dzi\u0119ki nim mo\u017cna by\u0142o dalej trwa\u0107 w duchu pielgrzymki\u2026 A teraz? Czekamy na kolejn\u0105 pielgrzymk\u0119 i b\u0119dziemy zaprasza\u0107 kolejnych p\u0105tnik\u00f3w, aby wyruszyli z nami. To, co prze\u017cyli\u015bmy najpi\u0119kniej pokazuj\u0105 zdj\u0119cia.<\/p>\n\n\n\n<p><strong><em><br>\u201ePielgrzymka to pocz\u0105tek drogi, kt\u00f3ra nie ko\u0144czy si\u0119 na Jasnej G\u00f3rze. To droga, kt\u00f3ra ci\u0105gle trwa, ale<br>to od NAS zale\u017cy, jak j\u0105 przejdziemy\u201d.<\/em><\/strong><\/p>\n\n\n\n<div class=\"wp-container-7 wp-block-columns\">\n<div class=\"wp-container-6 wp-block-column\" style=\"flex-basis:100%\">\n<div class=\"wp-container-5 wp-block-group\"><div class=\"wp-block-group__inner-container\">\n<div class=\"wp-container-4 wp-block-columns\">\n<div class=\"wp-container-3 wp-block-column\" style=\"flex-basis:100%\">\n<figure class=\"wp-container-2 wp-block-gallery-1 wp-block-gallery columns-3 is-cropped\"><ul class=\"blocks-gallery-grid\"><li class=\"blocks-gallery-item\"><figure><img loading=\"lazy\" width=\"1024\" height=\"768\" src=\"http:\/\/parafiawegliniec.pl\/wp-content\/uploads\/2021\/08\/IMG20210805WA0008-1024x768.jpg\" alt=\"\" data-id=\"2148\" data-full-url=\"http:\/\/parafiawegliniec.pl\/wp-content\/uploads\/2021\/08\/IMG20210805WA0008.jpg\" data-link=\"http:\/\/parafiawegliniec.pl\/?attachment_id=2148\" class=\"wp-image-2148\" srcset=\"https:\/\/parafiawegliniec.pl\/wp-content\/uploads\/2021\/08\/IMG20210805WA0008-1024x768.jpg 1024w, https:\/\/parafiawegliniec.pl\/wp-content\/uploads\/2021\/08\/IMG20210805WA0008-300x225.jpg 300w, https:\/\/parafiawegliniec.pl\/wp-content\/uploads\/2021\/08\/IMG20210805WA0008-768x576.jpg 768w, https:\/\/parafiawegliniec.pl\/wp-content\/uploads\/2021\/08\/IMG20210805WA0008-1536x1152.jpg 1536w, https:\/\/parafiawegliniec.pl\/wp-content\/uploads\/2021\/08\/IMG20210805WA0008-900x675.jpg 900w, https:\/\/parafiawegliniec.pl\/wp-content\/uploads\/2021\/08\/IMG20210805WA0008-400x300.jpg 400w, https:\/\/parafiawegliniec.pl\/wp-content\/uploads\/2021\/08\/IMG20210805WA0008.jpg 1600w\" sizes=\"(max-width: 1024px) 100vw, 1024px\" \/><\/figure><\/li><li class=\"blocks-gallery-item\"><figure><img loading=\"lazy\" width=\"924\" height=\"693\" src=\"http:\/\/parafiawegliniec.pl\/wp-content\/uploads\/2021\/08\/GrupaduchowaWegliniec11.jpg\" alt=\"\" data-id=\"2147\" data-full-url=\"http:\/\/parafiawegliniec.pl\/wp-content\/uploads\/2021\/08\/GrupaduchowaWegliniec11.jpg\" data-link=\"http:\/\/parafiawegliniec.pl\/?attachment_id=2147\" class=\"wp-image-2147\" srcset=\"https:\/\/parafiawegliniec.pl\/wp-content\/uploads\/2021\/08\/GrupaduchowaWegliniec11.jpg 924w, https:\/\/parafiawegliniec.pl\/wp-content\/uploads\/2021\/08\/GrupaduchowaWegliniec11-300x225.jpg 300w, https:\/\/parafiawegliniec.pl\/wp-content\/uploads\/2021\/08\/GrupaduchowaWegliniec11-768x576.jpg 768w, https:\/\/parafiawegliniec.pl\/wp-content\/uploads\/2021\/08\/GrupaduchowaWegliniec11-900x675.jpg 900w, https:\/\/parafiawegliniec.pl\/wp-content\/uploads\/2021\/08\/GrupaduchowaWegliniec11-400x300.jpg 400w\" sizes=\"(max-width: 924px) 100vw, 924px\" \/><\/figure><\/li><li class=\"blocks-gallery-item\"><figure><img loading=\"lazy\" width=\"924\" height=\"693\" src=\"http:\/\/parafiawegliniec.pl\/wp-content\/uploads\/2021\/08\/GrupaduchowaWegliniec10.jpg\" alt=\"\" data-id=\"2146\" data-full-url=\"http:\/\/parafiawegliniec.pl\/wp-content\/uploads\/2021\/08\/GrupaduchowaWegliniec10.jpg\" data-link=\"http:\/\/parafiawegliniec.pl\/?attachment_id=2146\" class=\"wp-image-2146\" srcset=\"https:\/\/parafiawegliniec.pl\/wp-content\/uploads\/2021\/08\/GrupaduchowaWegliniec10.jpg 924w, https:\/\/parafiawegliniec.pl\/wp-content\/uploads\/2021\/08\/GrupaduchowaWegliniec10-300x225.jpg 300w, https:\/\/parafiawegliniec.pl\/wp-content\/uploads\/2021\/08\/GrupaduchowaWegliniec10-768x576.jpg 768w, https:\/\/parafiawegliniec.pl\/wp-content\/uploads\/2021\/08\/GrupaduchowaWegliniec10-900x675.jpg 900w, https:\/\/parafiawegliniec.pl\/wp-content\/uploads\/2021\/08\/GrupaduchowaWegliniec10-400x300.jpg 400w\" sizes=\"(max-width: 924px) 100vw, 924px\" \/><\/figure><\/li><li class=\"blocks-gallery-item\"><figure><img loading=\"lazy\" width=\"924\" height=\"693\" src=\"http:\/\/parafiawegliniec.pl\/wp-content\/uploads\/2021\/08\/GrupaduchowaWegliniec07.jpg\" alt=\"\" data-id=\"2145\" data-full-url=\"http:\/\/parafiawegliniec.pl\/wp-content\/uploads\/2021\/08\/GrupaduchowaWegliniec07.jpg\" data-link=\"http:\/\/parafiawegliniec.pl\/?attachment_id=2145\" class=\"wp-image-2145\" srcset=\"https:\/\/parafiawegliniec.pl\/wp-content\/uploads\/2021\/08\/GrupaduchowaWegliniec07.jpg 924w, https:\/\/parafiawegliniec.pl\/wp-content\/uploads\/2021\/08\/GrupaduchowaWegliniec07-300x225.jpg 300w, https:\/\/parafiawegliniec.pl\/wp-content\/uploads\/2021\/08\/GrupaduchowaWegliniec07-768x576.jpg 768w, https:\/\/parafiawegliniec.pl\/wp-content\/uploads\/2021\/08\/GrupaduchowaWegliniec07-900x675.jpg 900w, https:\/\/parafiawegliniec.pl\/wp-content\/uploads\/2021\/08\/GrupaduchowaWegliniec07-400x300.jpg 400w\" sizes=\"(max-width: 924px) 100vw, 924px\" \/><\/figure><\/li><li class=\"blocks-gallery-item\"><figure><img loading=\"lazy\" width=\"1024\" height=\"485\" src=\"http:\/\/parafiawegliniec.pl\/wp-content\/uploads\/2021\/08\/FB_IMG_1628111567786-1024x485.jpg\" alt=\"\" data-id=\"2144\" data-full-url=\"http:\/\/parafiawegliniec.pl\/wp-content\/uploads\/2021\/08\/FB_IMG_1628111567786.jpg\" data-link=\"http:\/\/parafiawegliniec.pl\/?attachment_id=2144\" class=\"wp-image-2144\" srcset=\"https:\/\/parafiawegliniec.pl\/wp-content\/uploads\/2021\/08\/FB_IMG_1628111567786-1024x485.jpg 1024w, https:\/\/parafiawegliniec.pl\/wp-content\/uploads\/2021\/08\/FB_IMG_1628111567786-300x142.jpg 300w, https:\/\/parafiawegliniec.pl\/wp-content\/uploads\/2021\/08\/FB_IMG_1628111567786-768x364.jpg 768w, https:\/\/parafiawegliniec.pl\/wp-content\/uploads\/2021\/08\/FB_IMG_1628111567786-900x427.jpg 900w, https:\/\/parafiawegliniec.pl\/wp-content\/uploads\/2021\/08\/FB_IMG_1628111567786-400x190.jpg 400w, https:\/\/parafiawegliniec.pl\/wp-content\/uploads\/2021\/08\/FB_IMG_1628111567786.jpg 1080w\" sizes=\"(max-width: 1024px) 100vw, 1024px\" \/><\/figure><\/li><li class=\"blocks-gallery-item\"><figure><img loading=\"lazy\" width=\"720\" height=\"960\" src=\"http:\/\/parafiawegliniec.pl\/wp-content\/uploads\/2021\/08\/233356377_865411497400987_3504183435598199301_n.jpg\" alt=\"\" data-id=\"2139\" data-full-url=\"http:\/\/parafiawegliniec.pl\/wp-content\/uploads\/2021\/08\/233356377_865411497400987_3504183435598199301_n.jpg\" data-link=\"http:\/\/parafiawegliniec.pl\/?attachment_id=2139\" class=\"wp-image-2139\" srcset=\"https:\/\/parafiawegliniec.pl\/wp-content\/uploads\/2021\/08\/233356377_865411497400987_3504183435598199301_n.jpg 720w, https:\/\/parafiawegliniec.pl\/wp-content\/uploads\/2021\/08\/233356377_865411497400987_3504183435598199301_n-225x300.jpg 225w, https:\/\/parafiawegliniec.pl\/wp-content\/uploads\/2021\/08\/233356377_865411497400987_3504183435598199301_n-400x533.jpg 400w\" sizes=\"(max-width: 720px) 100vw, 720px\" \/><\/figure><\/li><li class=\"blocks-gallery-item\"><figure><img loading=\"lazy\" width=\"960\" height=\"540\" src=\"http:\/\/parafiawegliniec.pl\/wp-content\/uploads\/2021\/08\/233451225_6431969783483419_4315090659320676167_n.jpg\" alt=\"\" data-id=\"2140\" data-full-url=\"http:\/\/parafiawegliniec.pl\/wp-content\/uploads\/2021\/08\/233451225_6431969783483419_4315090659320676167_n.jpg\" data-link=\"http:\/\/parafiawegliniec.pl\/?attachment_id=2140\" class=\"wp-image-2140\" srcset=\"https:\/\/parafiawegliniec.pl\/wp-content\/uploads\/2021\/08\/233451225_6431969783483419_4315090659320676167_n.jpg 960w, https:\/\/parafiawegliniec.pl\/wp-content\/uploads\/2021\/08\/233451225_6431969783483419_4315090659320676167_n-300x169.jpg 300w, https:\/\/parafiawegliniec.pl\/wp-content\/uploads\/2021\/08\/233451225_6431969783483419_4315090659320676167_n-768x432.jpg 768w, https:\/\/parafiawegliniec.pl\/wp-content\/uploads\/2021\/08\/233451225_6431969783483419_4315090659320676167_n-900x506.jpg 900w, https:\/\/parafiawegliniec.pl\/wp-content\/uploads\/2021\/08\/233451225_6431969783483419_4315090659320676167_n-400x225.jpg 400w\" sizes=\"(max-width: 960px) 100vw, 960px\" \/><\/figure><\/li><li class=\"blocks-gallery-item\"><figure><img loading=\"lazy\" width=\"765\" height=\"1024\" src=\"http:\/\/parafiawegliniec.pl\/wp-content\/uploads\/2021\/08\/234688227_614656596187222_4084819674294673232_n-765x1024.jpg\" alt=\"\" data-id=\"2141\" data-full-url=\"http:\/\/parafiawegliniec.pl\/wp-content\/uploads\/2021\/08\/234688227_614656596187222_4084819674294673232_n.jpg\" data-link=\"http:\/\/parafiawegliniec.pl\/?attachment_id=2141\" class=\"wp-image-2141\" srcset=\"https:\/\/parafiawegliniec.pl\/wp-content\/uploads\/2021\/08\/234688227_614656596187222_4084819674294673232_n-765x1024.jpg 765w, https:\/\/parafiawegliniec.pl\/wp-content\/uploads\/2021\/08\/234688227_614656596187222_4084819674294673232_n-224x300.jpg 224w, https:\/\/parafiawegliniec.pl\/wp-content\/uploads\/2021\/08\/234688227_614656596187222_4084819674294673232_n-768x1028.jpg 768w, https:\/\/parafiawegliniec.pl\/wp-content\/uploads\/2021\/08\/234688227_614656596187222_4084819674294673232_n-1148x1536.jpg 1148w, https:\/\/parafiawegliniec.pl\/wp-content\/uploads\/2021\/08\/234688227_614656596187222_4084819674294673232_n-900x1204.jpg 900w, https:\/\/parafiawegliniec.pl\/wp-content\/uploads\/2021\/08\/234688227_614656596187222_4084819674294673232_n-400x535.jpg 400w, https:\/\/parafiawegliniec.pl\/wp-content\/uploads\/2021\/08\/234688227_614656596187222_4084819674294673232_n.jpg 1296w\" sizes=\"(max-width: 765px) 100vw, 765px\" \/><\/figure><\/li><li class=\"blocks-gallery-item\"><figure><img loading=\"lazy\" width=\"960\" height=\"720\" src=\"http:\/\/parafiawegliniec.pl\/wp-content\/uploads\/2021\/08\/234823043_865411260734344_6646489033591300486_n.jpg\" alt=\"\" data-id=\"2142\" data-full-url=\"http:\/\/parafiawegliniec.pl\/wp-content\/uploads\/2021\/08\/234823043_865411260734344_6646489033591300486_n.jpg\" data-link=\"http:\/\/parafiawegliniec.pl\/?attachment_id=2142\" class=\"wp-image-2142\" srcset=\"https:\/\/parafiawegliniec.pl\/wp-content\/uploads\/2021\/08\/234823043_865411260734344_6646489033591300486_n.jpg 960w, https:\/\/parafiawegliniec.pl\/wp-content\/uploads\/2021\/08\/234823043_865411260734344_6646489033591300486_n-300x225.jpg 300w, https:\/\/parafiawegliniec.pl\/wp-content\/uploads\/2021\/08\/234823043_865411260734344_6646489033591300486_n-768x576.jpg 768w, https:\/\/parafiawegliniec.pl\/wp-content\/uploads\/2021\/08\/234823043_865411260734344_6646489033591300486_n-900x675.jpg 900w, https:\/\/parafiawegliniec.pl\/wp-content\/uploads\/2021\/08\/234823043_865411260734344_6646489033591300486_n-400x300.jpg 400w\" sizes=\"(max-width: 960px) 100vw, 960px\" \/><\/figure><\/li><li class=\"blocks-gallery-item\"><figure><img loading=\"lazy\" width=\"960\" height=\"540\" src=\"http:\/\/parafiawegliniec.pl\/wp-content\/uploads\/2021\/08\/234829552_6431965683483829_7504231337925625475_n.jpg\" alt=\"\" data-id=\"2143\" data-full-url=\"http:\/\/parafiawegliniec.pl\/wp-content\/uploads\/2021\/08\/234829552_6431965683483829_7504231337925625475_n.jpg\" data-link=\"http:\/\/parafiawegliniec.pl\/?attachment_id=2143\" class=\"wp-image-2143\" srcset=\"https:\/\/parafiawegliniec.pl\/wp-content\/uploads\/2021\/08\/234829552_6431965683483829_7504231337925625475_n.jpg 960w, https:\/\/parafiawegliniec.pl\/wp-content\/uploads\/2021\/08\/234829552_6431965683483829_7504231337925625475_n-300x169.jpg 300w, https:\/\/parafiawegliniec.pl\/wp-content\/uploads\/2021\/08\/234829552_6431965683483829_7504231337925625475_n-768x432.jpg 768w, https:\/\/parafiawegliniec.pl\/wp-content\/uploads\/2021\/08\/234829552_6431965683483829_7504231337925625475_n-900x506.jpg 900w, https:\/\/parafiawegliniec.pl\/wp-content\/uploads\/2021\/08\/234829552_6431965683483829_7504231337925625475_n-400x225.jpg 400w\" sizes=\"(max-width: 960px) 100vw, 960px\" \/><\/figure><\/li><li class=\"blocks-gallery-item\"><figure><img loading=\"lazy\" width=\"960\" height=\"720\" src=\"http:\/\/parafiawegliniec.pl\/wp-content\/uploads\/2021\/08\/233342648_865410680734402_5026904012904499365_n.jpg\" alt=\"\" data-id=\"2138\" data-full-url=\"http:\/\/parafiawegliniec.pl\/wp-content\/uploads\/2021\/08\/233342648_865410680734402_5026904012904499365_n.jpg\" data-link=\"http:\/\/parafiawegliniec.pl\/?attachment_id=2138\" class=\"wp-image-2138\" srcset=\"https:\/\/parafiawegliniec.pl\/wp-content\/uploads\/2021\/08\/233342648_865410680734402_5026904012904499365_n.jpg 960w, https:\/\/parafiawegliniec.pl\/wp-content\/uploads\/2021\/08\/233342648_865410680734402_5026904012904499365_n-300x225.jpg 300w, https:\/\/parafiawegliniec.pl\/wp-content\/uploads\/2021\/08\/233342648_865410680734402_5026904012904499365_n-768x576.jpg 768w, https:\/\/parafiawegliniec.pl\/wp-content\/uploads\/2021\/08\/233342648_865410680734402_5026904012904499365_n-900x675.jpg 900w, https:\/\/parafiawegliniec.pl\/wp-content\/uploads\/2021\/08\/233342648_865410680734402_5026904012904499365_n-400x300.jpg 400w\" sizes=\"(max-width: 960px) 100vw, 960px\" \/><\/figure><\/li><li class=\"blocks-gallery-item\"><figure><img loading=\"lazy\" width=\"960\" height=\"720\" src=\"http:\/\/parafiawegliniec.pl\/wp-content\/uploads\/2021\/08\/233165238_865410994067704_5437908791914489340_n.jpg\" alt=\"\" data-id=\"2137\" data-full-url=\"http:\/\/parafiawegliniec.pl\/wp-content\/uploads\/2021\/08\/233165238_865410994067704_5437908791914489340_n.jpg\" data-link=\"http:\/\/parafiawegliniec.pl\/?attachment_id=2137\" class=\"wp-image-2137\" srcset=\"https:\/\/parafiawegliniec.pl\/wp-content\/uploads\/2021\/08\/233165238_865410994067704_5437908791914489340_n.jpg 960w, https:\/\/parafiawegliniec.pl\/wp-content\/uploads\/2021\/08\/233165238_865410994067704_5437908791914489340_n-300x225.jpg 300w, https:\/\/parafiawegliniec.pl\/wp-content\/uploads\/2021\/08\/233165238_865410994067704_5437908791914489340_n-768x576.jpg 768w, https:\/\/parafiawegliniec.pl\/wp-content\/uploads\/2021\/08\/233165238_865410994067704_5437908791914489340_n-900x675.jpg 900w, https:\/\/parafiawegliniec.pl\/wp-content\/uploads\/2021\/08\/233165238_865410994067704_5437908791914489340_n-400x300.jpg 400w\" sizes=\"(max-width: 960px) 100vw, 960px\" \/><\/figure><\/li><li class=\"blocks-gallery-item\"><figure><img loading=\"lazy\" width=\"960\" height=\"540\" src=\"http:\/\/parafiawegliniec.pl\/wp-content\/uploads\/2021\/08\/232671332_6431971000149964_5098350172938517330_n.jpg\" alt=\"\" data-id=\"2136\" data-full-url=\"http:\/\/parafiawegliniec.pl\/wp-content\/uploads\/2021\/08\/232671332_6431971000149964_5098350172938517330_n.jpg\" data-link=\"http:\/\/parafiawegliniec.pl\/?attachment_id=2136\" class=\"wp-image-2136\" srcset=\"https:\/\/parafiawegliniec.pl\/wp-content\/uploads\/2021\/08\/232671332_6431971000149964_5098350172938517330_n.jpg 960w, https:\/\/parafiawegliniec.pl\/wp-content\/uploads\/2021\/08\/232671332_6431971000149964_5098350172938517330_n-300x169.jpg 300w, https:\/\/parafiawegliniec.pl\/wp-content\/uploads\/2021\/08\/232671332_6431971000149964_5098350172938517330_n-768x432.jpg 768w, https:\/\/parafiawegliniec.pl\/wp-content\/uploads\/2021\/08\/232671332_6431971000149964_5098350172938517330_n-900x506.jpg 900w, https:\/\/parafiawegliniec.pl\/wp-content\/uploads\/2021\/08\/232671332_6431971000149964_5098350172938517330_n-400x225.jpg 400w\" sizes=\"(max-width: 960px) 100vw, 960px\" \/><\/figure><\/li><li class=\"blocks-gallery-item\"><figure><img loading=\"lazy\" width=\"960\" height=\"540\" src=\"http:\/\/parafiawegliniec.pl\/wp-content\/uploads\/2021\/08\/232380611_6431969193483478_2704482308831483510_n.jpg\" alt=\"\" data-id=\"2135\" data-full-url=\"http:\/\/parafiawegliniec.pl\/wp-content\/uploads\/2021\/08\/232380611_6431969193483478_2704482308831483510_n.jpg\" data-link=\"http:\/\/parafiawegliniec.pl\/?attachment_id=2135\" class=\"wp-image-2135\" srcset=\"https:\/\/parafiawegliniec.pl\/wp-content\/uploads\/2021\/08\/232380611_6431969193483478_2704482308831483510_n.jpg 960w, https:\/\/parafiawegliniec.pl\/wp-content\/uploads\/2021\/08\/232380611_6431969193483478_2704482308831483510_n-300x169.jpg 300w, https:\/\/parafiawegliniec.pl\/wp-content\/uploads\/2021\/08\/232380611_6431969193483478_2704482308831483510_n-768x432.jpg 768w, https:\/\/parafiawegliniec.pl\/wp-content\/uploads\/2021\/08\/232380611_6431969193483478_2704482308831483510_n-900x506.jpg 900w, https:\/\/parafiawegliniec.pl\/wp-content\/uploads\/2021\/08\/232380611_6431969193483478_2704482308831483510_n-400x225.jpg 400w\" sizes=\"(max-width: 960px) 100vw, 960px\" \/><\/figure><\/li><li class=\"blocks-gallery-item\"><figure><img loading=\"lazy\" width=\"960\" height=\"540\" src=\"http:\/\/parafiawegliniec.pl\/wp-content\/uploads\/2021\/08\/232275336_6431970233483374_113144996881564657_n.jpg\" alt=\"\" data-id=\"2134\" data-full-url=\"http:\/\/parafiawegliniec.pl\/wp-content\/uploads\/2021\/08\/232275336_6431970233483374_113144996881564657_n.jpg\" data-link=\"http:\/\/parafiawegliniec.pl\/?attachment_id=2134\" class=\"wp-image-2134\" srcset=\"https:\/\/parafiawegliniec.pl\/wp-content\/uploads\/2021\/08\/232275336_6431970233483374_113144996881564657_n.jpg 960w, https:\/\/parafiawegliniec.pl\/wp-content\/uploads\/2021\/08\/232275336_6431970233483374_113144996881564657_n-300x169.jpg 300w, https:\/\/parafiawegliniec.pl\/wp-content\/uploads\/2021\/08\/232275336_6431970233483374_113144996881564657_n-768x432.jpg 768w, https:\/\/parafiawegliniec.pl\/wp-content\/uploads\/2021\/08\/232275336_6431970233483374_113144996881564657_n-900x506.jpg 900w, https:\/\/parafiawegliniec.pl\/wp-content\/uploads\/2021\/08\/232275336_6431970233483374_113144996881564657_n-400x225.jpg 400w\" sizes=\"(max-width: 960px) 100vw, 960px\" \/><\/figure><\/li><li class=\"blocks-gallery-item\"><figure><img loading=\"lazy\" width=\"960\" height=\"720\" src=\"http:\/\/parafiawegliniec.pl\/wp-content\/uploads\/2021\/08\/231767432_865411157401021_5932948141563271200_n.jpg\" alt=\"\" data-id=\"2133\" data-full-url=\"http:\/\/parafiawegliniec.pl\/wp-content\/uploads\/2021\/08\/231767432_865411157401021_5932948141563271200_n.jpg\" data-link=\"http:\/\/parafiawegliniec.pl\/?attachment_id=2133\" class=\"wp-image-2133\" srcset=\"https:\/\/parafiawegliniec.pl\/wp-content\/uploads\/2021\/08\/231767432_865411157401021_5932948141563271200_n.jpg 960w, https:\/\/parafiawegliniec.pl\/wp-content\/uploads\/2021\/08\/231767432_865411157401021_5932948141563271200_n-300x225.jpg 300w, https:\/\/parafiawegliniec.pl\/wp-content\/uploads\/2021\/08\/231767432_865411157401021_5932948141563271200_n-768x576.jpg 768w, https:\/\/parafiawegliniec.pl\/wp-content\/uploads\/2021\/08\/231767432_865411157401021_5932948141563271200_n-900x675.jpg 900w, https:\/\/parafiawegliniec.pl\/wp-content\/uploads\/2021\/08\/231767432_865411157401021_5932948141563271200_n-400x300.jpg 400w\" sizes=\"(max-width: 960px) 100vw, 960px\" \/><\/figure><\/li><li class=\"blocks-gallery-item\"><figure><img loading=\"lazy\" width=\"960\" height=\"540\" src=\"http:\/\/parafiawegliniec.pl\/wp-content\/uploads\/2021\/08\/231501139_6431970700149994_8492602104198868962_n.jpg\" alt=\"\" data-id=\"2132\" data-full-url=\"http:\/\/parafiawegliniec.pl\/wp-content\/uploads\/2021\/08\/231501139_6431970700149994_8492602104198868962_n.jpg\" data-link=\"http:\/\/parafiawegliniec.pl\/?attachment_id=2132\" class=\"wp-image-2132\" srcset=\"https:\/\/parafiawegliniec.pl\/wp-content\/uploads\/2021\/08\/231501139_6431970700149994_8492602104198868962_n.jpg 960w, https:\/\/parafiawegliniec.pl\/wp-content\/uploads\/2021\/08\/231501139_6431970700149994_8492602104198868962_n-300x169.jpg 300w, https:\/\/parafiawegliniec.pl\/wp-content\/uploads\/2021\/08\/231501139_6431970700149994_8492602104198868962_n-768x432.jpg 768w, https:\/\/parafiawegliniec.pl\/wp-content\/uploads\/2021\/08\/231501139_6431970700149994_8492602104198868962_n-900x506.jpg 900w, https:\/\/parafiawegliniec.pl\/wp-content\/uploads\/2021\/08\/231501139_6431970700149994_8492602104198868962_n-400x225.jpg 400w\" sizes=\"(max-width: 960px) 100vw, 960px\" \/><\/figure><\/li><li class=\"blocks-gallery-item\"><figure><img loading=\"lazy\" width=\"1024\" height=\"485\" src=\"http:\/\/parafiawegliniec.pl\/wp-content\/uploads\/2021\/08\/231207965_1222494011496089_5480354922725296192_n-1024x485.jpg\" alt=\"\" data-id=\"2131\" data-full-url=\"http:\/\/parafiawegliniec.pl\/wp-content\/uploads\/2021\/08\/231207965_1222494011496089_5480354922725296192_n.jpg\" data-link=\"http:\/\/parafiawegliniec.pl\/?attachment_id=2131\" class=\"wp-image-2131\" srcset=\"https:\/\/parafiawegliniec.pl\/wp-content\/uploads\/2021\/08\/231207965_1222494011496089_5480354922725296192_n-1024x485.jpg 1024w, https:\/\/parafiawegliniec.pl\/wp-content\/uploads\/2021\/08\/231207965_1222494011496089_5480354922725296192_n-300x142.jpg 300w, https:\/\/parafiawegliniec.pl\/wp-content\/uploads\/2021\/08\/231207965_1222494011496089_5480354922725296192_n-768x364.jpg 768w, https:\/\/parafiawegliniec.pl\/wp-content\/uploads\/2021\/08\/231207965_1222494011496089_5480354922725296192_n-900x426.jpg 900w, https:\/\/parafiawegliniec.pl\/wp-content\/uploads\/2021\/08\/231207965_1222494011496089_5480354922725296192_n-400x189.jpg 400w, https:\/\/parafiawegliniec.pl\/wp-content\/uploads\/2021\/08\/231207965_1222494011496089_5480354922725296192_n.jpg 1351w\" sizes=\"(max-width: 1024px) 100vw, 1024px\" \/><\/figure><\/li><li class=\"blocks-gallery-item\"><figure><img loading=\"lazy\" width=\"960\" height=\"540\" src=\"http:\/\/parafiawegliniec.pl\/wp-content\/uploads\/2021\/08\/230302862_6396969543650110_167836213034714961_n.jpg\" alt=\"\" data-id=\"2130\" data-full-url=\"http:\/\/parafiawegliniec.pl\/wp-content\/uploads\/2021\/08\/230302862_6396969543650110_167836213034714961_n.jpg\" data-link=\"http:\/\/parafiawegliniec.pl\/?attachment_id=2130\" class=\"wp-image-2130\" srcset=\"https:\/\/parafiawegliniec.pl\/wp-content\/uploads\/2021\/08\/230302862_6396969543650110_167836213034714961_n.jpg 960w, https:\/\/parafiawegliniec.pl\/wp-content\/uploads\/2021\/08\/230302862_6396969543650110_167836213034714961_n-300x169.jpg 300w, https:\/\/parafiawegliniec.pl\/wp-content\/uploads\/2021\/08\/230302862_6396969543650110_167836213034714961_n-768x432.jpg 768w, https:\/\/parafiawegliniec.pl\/wp-content\/uploads\/2021\/08\/230302862_6396969543650110_167836213034714961_n-900x506.jpg 900w, https:\/\/parafiawegliniec.pl\/wp-content\/uploads\/2021\/08\/230302862_6396969543650110_167836213034714961_n-400x225.jpg 400w\" sizes=\"(max-width: 960px) 100vw, 960px\" \/><\/figure><\/li><li class=\"blocks-gallery-item\"><figure><img loading=\"lazy\" width=\"1024\" height=\"485\" src=\"http:\/\/parafiawegliniec.pl\/wp-content\/uploads\/2021\/08\/230157507_1222494048162752_4499698708593170172_n-1024x485.jpg\" alt=\"\" data-id=\"2129\" data-full-url=\"http:\/\/parafiawegliniec.pl\/wp-content\/uploads\/2021\/08\/230157507_1222494048162752_4499698708593170172_n.jpg\" data-link=\"http:\/\/parafiawegliniec.pl\/?attachment_id=2129\" class=\"wp-image-2129\" srcset=\"https:\/\/parafiawegliniec.pl\/wp-content\/uploads\/2021\/08\/230157507_1222494048162752_4499698708593170172_n-1024x485.jpg 1024w, https:\/\/parafiawegliniec.pl\/wp-content\/uploads\/2021\/08\/230157507_1222494048162752_4499698708593170172_n-300x142.jpg 300w, https:\/\/parafiawegliniec.pl\/wp-content\/uploads\/2021\/08\/230157507_1222494048162752_4499698708593170172_n-768x364.jpg 768w, https:\/\/parafiawegliniec.pl\/wp-content\/uploads\/2021\/08\/230157507_1222494048162752_4499698708593170172_n-900x426.jpg 900w, https:\/\/parafiawegliniec.pl\/wp-content\/uploads\/2021\/08\/230157507_1222494048162752_4499698708593170172_n-400x189.jpg 400w, https:\/\/parafiawegliniec.pl\/wp-content\/uploads\/2021\/08\/230157507_1222494048162752_4499698708593170172_n.jpg 1351w\" sizes=\"(max-width: 1024px) 100vw, 1024px\" \/><\/figure><\/li><li class=\"blocks-gallery-item\"><figure><img loading=\"lazy\" width=\"1024\" height=\"768\" src=\"http:\/\/parafiawegliniec.pl\/wp-content\/uploads\/2021\/08\/228807566_865455697396567_4250762233985731248_n-1024x768.jpg\" alt=\"\" data-id=\"2124\" data-full-url=\"http:\/\/parafiawegliniec.pl\/wp-content\/uploads\/2021\/08\/228807566_865455697396567_4250762233985731248_n.jpg\" data-link=\"http:\/\/parafiawegliniec.pl\/?attachment_id=2124\" class=\"wp-image-2124\" srcset=\"https:\/\/parafiawegliniec.pl\/wp-content\/uploads\/2021\/08\/228807566_865455697396567_4250762233985731248_n-1024x768.jpg 1024w, https:\/\/parafiawegliniec.pl\/wp-content\/uploads\/2021\/08\/228807566_865455697396567_4250762233985731248_n-300x225.jpg 300w, https:\/\/parafiawegliniec.pl\/wp-content\/uploads\/2021\/08\/228807566_865455697396567_4250762233985731248_n-768x576.jpg 768w, https:\/\/parafiawegliniec.pl\/wp-content\/uploads\/2021\/08\/228807566_865455697396567_4250762233985731248_n-900x675.jpg 900w, https:\/\/parafiawegliniec.pl\/wp-content\/uploads\/2021\/08\/228807566_865455697396567_4250762233985731248_n-400x300.jpg 400w, https:\/\/parafiawegliniec.pl\/wp-content\/uploads\/2021\/08\/228807566_865455697396567_4250762233985731248_n.jpg 1440w\" sizes=\"(max-width: 1024px) 100vw, 1024px\" \/><\/figure><\/li><li class=\"blocks-gallery-item\"><figure><img loading=\"lazy\" width=\"960\" height=\"540\" src=\"http:\/\/parafiawegliniec.pl\/wp-content\/uploads\/2021\/08\/228818457_6396967053650359_4968866898814234645_n.jpg\" alt=\"\" data-id=\"2125\" data-full-url=\"http:\/\/parafiawegliniec.pl\/wp-content\/uploads\/2021\/08\/228818457_6396967053650359_4968866898814234645_n.jpg\" data-link=\"http:\/\/parafiawegliniec.pl\/?attachment_id=2125\" class=\"wp-image-2125\" srcset=\"https:\/\/parafiawegliniec.pl\/wp-content\/uploads\/2021\/08\/228818457_6396967053650359_4968866898814234645_n.jpg 960w, https:\/\/parafiawegliniec.pl\/wp-content\/uploads\/2021\/08\/228818457_6396967053650359_4968866898814234645_n-300x169.jpg 300w, https:\/\/parafiawegliniec.pl\/wp-content\/uploads\/2021\/08\/228818457_6396967053650359_4968866898814234645_n-768x432.jpg 768w, https:\/\/parafiawegliniec.pl\/wp-content\/uploads\/2021\/08\/228818457_6396967053650359_4968866898814234645_n-900x506.jpg 900w, https:\/\/parafiawegliniec.pl\/wp-content\/uploads\/2021\/08\/228818457_6396967053650359_4968866898814234645_n-400x225.jpg 400w\" sizes=\"(max-width: 960px) 100vw, 960px\" \/><\/figure><\/li><li class=\"blocks-gallery-item\"><figure><img loading=\"lazy\" width=\"960\" height=\"540\" src=\"http:\/\/parafiawegliniec.pl\/wp-content\/uploads\/2021\/08\/228955390_6396966836983714_3188405990675963643_n.jpg\" alt=\"\" data-id=\"2126\" data-full-url=\"http:\/\/parafiawegliniec.pl\/wp-content\/uploads\/2021\/08\/228955390_6396966836983714_3188405990675963643_n.jpg\" data-link=\"http:\/\/parafiawegliniec.pl\/?attachment_id=2126\" class=\"wp-image-2126\" srcset=\"https:\/\/parafiawegliniec.pl\/wp-content\/uploads\/2021\/08\/228955390_6396966836983714_3188405990675963643_n.jpg 960w, https:\/\/parafiawegliniec.pl\/wp-content\/uploads\/2021\/08\/228955390_6396966836983714_3188405990675963643_n-300x169.jpg 300w, https:\/\/parafiawegliniec.pl\/wp-content\/uploads\/2021\/08\/228955390_6396966836983714_3188405990675963643_n-768x432.jpg 768w, https:\/\/parafiawegliniec.pl\/wp-content\/uploads\/2021\/08\/228955390_6396966836983714_3188405990675963643_n-900x506.jpg 900w, https:\/\/parafiawegliniec.pl\/wp-content\/uploads\/2021\/08\/228955390_6396966836983714_3188405990675963643_n-400x225.jpg 400w\" sizes=\"(max-width: 960px) 100vw, 960px\" \/><\/figure><\/li><li class=\"blocks-gallery-item\"><figure><img loading=\"lazy\" width=\"720\" height=\"960\" src=\"http:\/\/parafiawegliniec.pl\/wp-content\/uploads\/2021\/08\/228970711_861282287813908_7617917892026798628_n.jpg\" alt=\"\" data-id=\"2127\" data-full-url=\"http:\/\/parafiawegliniec.pl\/wp-content\/uploads\/2021\/08\/228970711_861282287813908_7617917892026798628_n.jpg\" data-link=\"http:\/\/parafiawegliniec.pl\/?attachment_id=2127\" class=\"wp-image-2127\" srcset=\"https:\/\/parafiawegliniec.pl\/wp-content\/uploads\/2021\/08\/228970711_861282287813908_7617917892026798628_n.jpg 720w, https:\/\/parafiawegliniec.pl\/wp-content\/uploads\/2021\/08\/228970711_861282287813908_7617917892026798628_n-225x300.jpg 225w, https:\/\/parafiawegliniec.pl\/wp-content\/uploads\/2021\/08\/228970711_861282287813908_7617917892026798628_n-400x533.jpg 400w\" sizes=\"(max-width: 720px) 100vw, 720px\" \/><\/figure><\/li><li class=\"blocks-gallery-item\"><figure><img loading=\"lazy\" width=\"720\" height=\"960\" src=\"http:\/\/parafiawegliniec.pl\/wp-content\/uploads\/2021\/08\/229226135_861440831131387_8406833432792823030_n.jpg\" alt=\"\" data-id=\"2128\" data-full-url=\"http:\/\/parafiawegliniec.pl\/wp-content\/uploads\/2021\/08\/229226135_861440831131387_8406833432792823030_n.jpg\" data-link=\"http:\/\/parafiawegliniec.pl\/?attachment_id=2128\" class=\"wp-image-2128\" srcset=\"https:\/\/parafiawegliniec.pl\/wp-content\/uploads\/2021\/08\/229226135_861440831131387_8406833432792823030_n.jpg 720w, https:\/\/parafiawegliniec.pl\/wp-content\/uploads\/2021\/08\/229226135_861440831131387_8406833432792823030_n-225x300.jpg 225w, https:\/\/parafiawegliniec.pl\/wp-content\/uploads\/2021\/08\/229226135_861440831131387_8406833432792823030_n-400x533.jpg 400w\" sizes=\"(max-width: 720px) 100vw, 720px\" \/><\/figure><\/li><li class=\"blocks-gallery-item\"><figure><img loading=\"lazy\" width=\"960\" height=\"540\" src=\"http:\/\/parafiawegliniec.pl\/wp-content\/uploads\/2021\/08\/228533823_6396969946983403_4829699597072801701_n.jpg\" alt=\"\" data-id=\"2123\" data-full-url=\"http:\/\/parafiawegliniec.pl\/wp-content\/uploads\/2021\/08\/228533823_6396969946983403_4829699597072801701_n.jpg\" data-link=\"http:\/\/parafiawegliniec.pl\/?attachment_id=2123\" class=\"wp-image-2123\" srcset=\"https:\/\/parafiawegliniec.pl\/wp-content\/uploads\/2021\/08\/228533823_6396969946983403_4829699597072801701_n.jpg 960w, https:\/\/parafiawegliniec.pl\/wp-content\/uploads\/2021\/08\/228533823_6396969946983403_4829699597072801701_n-300x169.jpg 300w, https:\/\/parafiawegliniec.pl\/wp-content\/uploads\/2021\/08\/228533823_6396969946983403_4829699597072801701_n-768x432.jpg 768w, https:\/\/parafiawegliniec.pl\/wp-content\/uploads\/2021\/08\/228533823_6396969946983403_4829699597072801701_n-900x506.jpg 900w, https:\/\/parafiawegliniec.pl\/wp-content\/uploads\/2021\/08\/228533823_6396969946983403_4829699597072801701_n-400x225.jpg 400w\" sizes=\"(max-width: 960px) 100vw, 960px\" \/><\/figure><\/li><li class=\"blocks-gallery-item\"><figure><img loading=\"lazy\" width=\"960\" height=\"540\" src=\"http:\/\/parafiawegliniec.pl\/wp-content\/uploads\/2021\/08\/228414794_6396968360316895_2828024135161656161_n.jpg\" alt=\"\" data-id=\"2122\" data-full-url=\"http:\/\/parafiawegliniec.pl\/wp-content\/uploads\/2021\/08\/228414794_6396968360316895_2828024135161656161_n.jpg\" data-link=\"http:\/\/parafiawegliniec.pl\/?attachment_id=2122\" class=\"wp-image-2122\" srcset=\"https:\/\/parafiawegliniec.pl\/wp-content\/uploads\/2021\/08\/228414794_6396968360316895_2828024135161656161_n.jpg 960w, https:\/\/parafiawegliniec.pl\/wp-content\/uploads\/2021\/08\/228414794_6396968360316895_2828024135161656161_n-300x169.jpg 300w, https:\/\/parafiawegliniec.pl\/wp-content\/uploads\/2021\/08\/228414794_6396968360316895_2828024135161656161_n-768x432.jpg 768w, https:\/\/parafiawegliniec.pl\/wp-content\/uploads\/2021\/08\/228414794_6396968360316895_2828024135161656161_n-900x506.jpg 900w, https:\/\/parafiawegliniec.pl\/wp-content\/uploads\/2021\/08\/228414794_6396968360316895_2828024135161656161_n-400x225.jpg 400w\" sizes=\"(max-width: 960px) 100vw, 960px\" \/><\/figure><\/li><li class=\"blocks-gallery-item\"><figure><img loading=\"lazy\" width=\"960\" height=\"540\" src=\"http:\/\/parafiawegliniec.pl\/wp-content\/uploads\/2021\/08\/228177416_6396969113650153_3363719700984263922_n.jpg\" alt=\"\" data-id=\"2121\" data-full-url=\"http:\/\/parafiawegliniec.pl\/wp-content\/uploads\/2021\/08\/228177416_6396969113650153_3363719700984263922_n.jpg\" data-link=\"http:\/\/parafiawegliniec.pl\/?attachment_id=2121\" class=\"wp-image-2121\" srcset=\"https:\/\/parafiawegliniec.pl\/wp-content\/uploads\/2021\/08\/228177416_6396969113650153_3363719700984263922_n.jpg 960w, https:\/\/parafiawegliniec.pl\/wp-content\/uploads\/2021\/08\/228177416_6396969113650153_3363719700984263922_n-300x169.jpg 300w, https:\/\/parafiawegliniec.pl\/wp-content\/uploads\/2021\/08\/228177416_6396969113650153_3363719700984263922_n-768x432.jpg 768w, https:\/\/parafiawegliniec.pl\/wp-content\/uploads\/2021\/08\/228177416_6396969113650153_3363719700984263922_n-900x506.jpg 900w, https:\/\/parafiawegliniec.pl\/wp-content\/uploads\/2021\/08\/228177416_6396969113650153_3363719700984263922_n-400x225.jpg 400w\" sizes=\"(max-width: 960px) 100vw, 960px\" \/><\/figure><\/li><li class=\"blocks-gallery-item\"><figure><img loading=\"lazy\" width=\"960\" height=\"540\" src=\"http:\/\/parafiawegliniec.pl\/wp-content\/uploads\/2021\/08\/228013874_6396969736983424_1082999894169547254_n.jpg\" alt=\"\" data-id=\"2120\" data-full-url=\"http:\/\/parafiawegliniec.pl\/wp-content\/uploads\/2021\/08\/228013874_6396969736983424_1082999894169547254_n.jpg\" data-link=\"http:\/\/parafiawegliniec.pl\/?attachment_id=2120\" class=\"wp-image-2120\" srcset=\"https:\/\/parafiawegliniec.pl\/wp-content\/uploads\/2021\/08\/228013874_6396969736983424_1082999894169547254_n.jpg 960w, https:\/\/parafiawegliniec.pl\/wp-content\/uploads\/2021\/08\/228013874_6396969736983424_1082999894169547254_n-300x169.jpg 300w, https:\/\/parafiawegliniec.pl\/wp-content\/uploads\/2021\/08\/228013874_6396969736983424_1082999894169547254_n-768x432.jpg 768w, https:\/\/parafiawegliniec.pl\/wp-content\/uploads\/2021\/08\/228013874_6396969736983424_1082999894169547254_n-900x506.jpg 900w, https:\/\/parafiawegliniec.pl\/wp-content\/uploads\/2021\/08\/228013874_6396969736983424_1082999894169547254_n-400x225.jpg 400w\" sizes=\"(max-width: 960px) 100vw, 960px\" \/><\/figure><\/li><li class=\"blocks-gallery-item\"><figure><img loading=\"lazy\" width=\"960\" height=\"540\" src=\"http:\/\/parafiawegliniec.pl\/wp-content\/uploads\/2021\/08\/227491344_6396969346983463_4301585435539782132_n.jpg\" alt=\"\" data-id=\"2119\" data-full-url=\"http:\/\/parafiawegliniec.pl\/wp-content\/uploads\/2021\/08\/227491344_6396969346983463_4301585435539782132_n.jpg\" data-link=\"http:\/\/parafiawegliniec.pl\/?attachment_id=2119\" class=\"wp-image-2119\" srcset=\"https:\/\/parafiawegliniec.pl\/wp-content\/uploads\/2021\/08\/227491344_6396969346983463_4301585435539782132_n.jpg 960w, https:\/\/parafiawegliniec.pl\/wp-content\/uploads\/2021\/08\/227491344_6396969346983463_4301585435539782132_n-300x169.jpg 300w, https:\/\/parafiawegliniec.pl\/wp-content\/uploads\/2021\/08\/227491344_6396969346983463_4301585435539782132_n-768x432.jpg 768w, https:\/\/parafiawegliniec.pl\/wp-content\/uploads\/2021\/08\/227491344_6396969346983463_4301585435539782132_n-900x506.jpg 900w, https:\/\/parafiawegliniec.pl\/wp-content\/uploads\/2021\/08\/227491344_6396969346983463_4301585435539782132_n-400x225.jpg 400w\" sizes=\"(max-width: 960px) 100vw, 960px\" \/><\/figure><\/li><li class=\"blocks-gallery-item\"><figure><img loading=\"lazy\" width=\"960\" height=\"540\" src=\"http:\/\/parafiawegliniec.pl\/wp-content\/uploads\/2021\/08\/227295232_6396968160316915_199729690628756651_n.jpg\" alt=\"\" data-id=\"2118\" data-full-url=\"http:\/\/parafiawegliniec.pl\/wp-content\/uploads\/2021\/08\/227295232_6396968160316915_199729690628756651_n.jpg\" data-link=\"http:\/\/parafiawegliniec.pl\/?attachment_id=2118\" class=\"wp-image-2118\" srcset=\"https:\/\/parafiawegliniec.pl\/wp-content\/uploads\/2021\/08\/227295232_6396968160316915_199729690628756651_n.jpg 960w, https:\/\/parafiawegliniec.pl\/wp-content\/uploads\/2021\/08\/227295232_6396968160316915_199729690628756651_n-300x169.jpg 300w, https:\/\/parafiawegliniec.pl\/wp-content\/uploads\/2021\/08\/227295232_6396968160316915_199729690628756651_n-768x432.jpg 768w, https:\/\/parafiawegliniec.pl\/wp-content\/uploads\/2021\/08\/227295232_6396968160316915_199729690628756651_n-900x506.jpg 900w, https:\/\/parafiawegliniec.pl\/wp-content\/uploads\/2021\/08\/227295232_6396968160316915_199729690628756651_n-400x225.jpg 400w\" sizes=\"(max-width: 960px) 100vw, 960px\" \/><\/figure><\/li><li class=\"blocks-gallery-item\"><figure><img loading=\"lazy\" width=\"960\" height=\"720\" src=\"http:\/\/parafiawegliniec.pl\/wp-content\/uploads\/2021\/08\/227217345_861440747798062_7382761828056954489_n.jpg\" alt=\"\" data-id=\"2117\" data-full-url=\"http:\/\/parafiawegliniec.pl\/wp-content\/uploads\/2021\/08\/227217345_861440747798062_7382761828056954489_n.jpg\" data-link=\"http:\/\/parafiawegliniec.pl\/?attachment_id=2117\" class=\"wp-image-2117\" srcset=\"https:\/\/parafiawegliniec.pl\/wp-content\/uploads\/2021\/08\/227217345_861440747798062_7382761828056954489_n.jpg 960w, https:\/\/parafiawegliniec.pl\/wp-content\/uploads\/2021\/08\/227217345_861440747798062_7382761828056954489_n-300x225.jpg 300w, https:\/\/parafiawegliniec.pl\/wp-content\/uploads\/2021\/08\/227217345_861440747798062_7382761828056954489_n-768x576.jpg 768w, https:\/\/parafiawegliniec.pl\/wp-content\/uploads\/2021\/08\/227217345_861440747798062_7382761828056954489_n-900x675.jpg 900w, https:\/\/parafiawegliniec.pl\/wp-content\/uploads\/2021\/08\/227217345_861440747798062_7382761828056954489_n-400x300.jpg 400w\" sizes=\"(max-width: 960px) 100vw, 960px\" \/><\/figure><\/li><li class=\"blocks-gallery-item\"><figure><img loading=\"lazy\" width=\"720\" height=\"960\" src=\"http:\/\/parafiawegliniec.pl\/wp-content\/uploads\/2021\/08\/227188475_861282194480584_2149343568087167779_n.jpg\" alt=\"\" data-id=\"2116\" data-full-url=\"http:\/\/parafiawegliniec.pl\/wp-content\/uploads\/2021\/08\/227188475_861282194480584_2149343568087167779_n.jpg\" data-link=\"http:\/\/parafiawegliniec.pl\/?attachment_id=2116\" class=\"wp-image-2116\" srcset=\"https:\/\/parafiawegliniec.pl\/wp-content\/uploads\/2021\/08\/227188475_861282194480584_2149343568087167779_n.jpg 720w, https:\/\/parafiawegliniec.pl\/wp-content\/uploads\/2021\/08\/227188475_861282194480584_2149343568087167779_n-225x300.jpg 225w, https:\/\/parafiawegliniec.pl\/wp-content\/uploads\/2021\/08\/227188475_861282194480584_2149343568087167779_n-400x533.jpg 400w\" sizes=\"(max-width: 720px) 100vw, 720px\" \/><\/figure><\/li><li class=\"blocks-gallery-item\"><figure><img loading=\"lazy\" width=\"960\" height=\"540\" src=\"http:\/\/parafiawegliniec.pl\/wp-content\/uploads\/2021\/08\/227147444_6396970396983358_5895394165161520094_n.jpg\" alt=\"\" data-id=\"2115\" data-full-url=\"http:\/\/parafiawegliniec.pl\/wp-content\/uploads\/2021\/08\/227147444_6396970396983358_5895394165161520094_n.jpg\" data-link=\"http:\/\/parafiawegliniec.pl\/?attachment_id=2115\" class=\"wp-image-2115\" srcset=\"https:\/\/parafiawegliniec.pl\/wp-content\/uploads\/2021\/08\/227147444_6396970396983358_5895394165161520094_n.jpg 960w, https:\/\/parafiawegliniec.pl\/wp-content\/uploads\/2021\/08\/227147444_6396970396983358_5895394165161520094_n-300x169.jpg 300w, https:\/\/parafiawegliniec.pl\/wp-content\/uploads\/2021\/08\/227147444_6396970396983358_5895394165161520094_n-768x432.jpg 768w, https:\/\/parafiawegliniec.pl\/wp-content\/uploads\/2021\/08\/227147444_6396970396983358_5895394165161520094_n-900x506.jpg 900w, https:\/\/parafiawegliniec.pl\/wp-content\/uploads\/2021\/08\/227147444_6396970396983358_5895394165161520094_n-400x225.jpg 400w\" sizes=\"(max-width: 960px) 100vw, 960px\" \/><\/figure><\/li><li class=\"blocks-gallery-item\"><figure><img loading=\"lazy\" width=\"960\" height=\"540\" src=\"http:\/\/parafiawegliniec.pl\/wp-content\/uploads\/2021\/08\/226948761_6396968593650205_8919633156199688814_n.jpg\" alt=\"\" data-id=\"2114\" data-full-url=\"http:\/\/parafiawegliniec.pl\/wp-content\/uploads\/2021\/08\/226948761_6396968593650205_8919633156199688814_n.jpg\" data-link=\"http:\/\/parafiawegliniec.pl\/?attachment_id=2114\" class=\"wp-image-2114\" srcset=\"https:\/\/parafiawegliniec.pl\/wp-content\/uploads\/2021\/08\/226948761_6396968593650205_8919633156199688814_n.jpg 960w, https:\/\/parafiawegliniec.pl\/wp-content\/uploads\/2021\/08\/226948761_6396968593650205_8919633156199688814_n-300x169.jpg 300w, https:\/\/parafiawegliniec.pl\/wp-content\/uploads\/2021\/08\/226948761_6396968593650205_8919633156199688814_n-768x432.jpg 768w, https:\/\/parafiawegliniec.pl\/wp-content\/uploads\/2021\/08\/226948761_6396968593650205_8919633156199688814_n-900x506.jpg 900w, https:\/\/parafiawegliniec.pl\/wp-content\/uploads\/2021\/08\/226948761_6396968593650205_8919633156199688814_n-400x225.jpg 400w\" sizes=\"(max-width: 960px) 100vw, 960px\" \/><\/figure><\/li><li class=\"blocks-gallery-item\"><figure><img loading=\"lazy\" width=\"960\" height=\"540\" src=\"http:\/\/parafiawegliniec.pl\/wp-content\/uploads\/2021\/08\/221862090_6396970150316716_3886488340502314035_n.jpg\" alt=\"\" data-id=\"2110\" data-full-url=\"http:\/\/parafiawegliniec.pl\/wp-content\/uploads\/2021\/08\/221862090_6396970150316716_3886488340502314035_n.jpg\" data-link=\"http:\/\/parafiawegliniec.pl\/?attachment_id=2110\" class=\"wp-image-2110\" srcset=\"https:\/\/parafiawegliniec.pl\/wp-content\/uploads\/2021\/08\/221862090_6396970150316716_3886488340502314035_n.jpg 960w, https:\/\/parafiawegliniec.pl\/wp-content\/uploads\/2021\/08\/221862090_6396970150316716_3886488340502314035_n-300x169.jpg 300w, https:\/\/parafiawegliniec.pl\/wp-content\/uploads\/2021\/08\/221862090_6396970150316716_3886488340502314035_n-768x432.jpg 768w, https:\/\/parafiawegliniec.pl\/wp-content\/uploads\/2021\/08\/221862090_6396970150316716_3886488340502314035_n-900x506.jpg 900w, https:\/\/parafiawegliniec.pl\/wp-content\/uploads\/2021\/08\/221862090_6396970150316716_3886488340502314035_n-400x225.jpg 400w\" sizes=\"(max-width: 960px) 100vw, 960px\" \/><\/figure><\/li><li class=\"blocks-gallery-item\"><figure><img loading=\"lazy\" width=\"960\" height=\"540\" src=\"http:\/\/parafiawegliniec.pl\/wp-content\/uploads\/2021\/08\/224181945_6396968893650175_2763417314512169124_n.jpg\" alt=\"\" data-id=\"2111\" data-full-url=\"http:\/\/parafiawegliniec.pl\/wp-content\/uploads\/2021\/08\/224181945_6396968893650175_2763417314512169124_n.jpg\" data-link=\"http:\/\/parafiawegliniec.pl\/?attachment_id=2111\" class=\"wp-image-2111\" srcset=\"https:\/\/parafiawegliniec.pl\/wp-content\/uploads\/2021\/08\/224181945_6396968893650175_2763417314512169124_n.jpg 960w, https:\/\/parafiawegliniec.pl\/wp-content\/uploads\/2021\/08\/224181945_6396968893650175_2763417314512169124_n-300x169.jpg 300w, https:\/\/parafiawegliniec.pl\/wp-content\/uploads\/2021\/08\/224181945_6396968893650175_2763417314512169124_n-768x432.jpg 768w, https:\/\/parafiawegliniec.pl\/wp-content\/uploads\/2021\/08\/224181945_6396968893650175_2763417314512169124_n-900x506.jpg 900w, https:\/\/parafiawegliniec.pl\/wp-content\/uploads\/2021\/08\/224181945_6396968893650175_2763417314512169124_n-400x225.jpg 400w\" sizes=\"(max-width: 960px) 100vw, 960px\" \/><\/figure><\/li><li class=\"blocks-gallery-item\"><figure><img loading=\"lazy\" width=\"960\" height=\"540\" src=\"http:\/\/parafiawegliniec.pl\/wp-content\/uploads\/2021\/08\/225097037_6396967440316987_6674521650630958061_n.jpg\" alt=\"\" data-id=\"2112\" data-full-url=\"http:\/\/parafiawegliniec.pl\/wp-content\/uploads\/2021\/08\/225097037_6396967440316987_6674521650630958061_n.jpg\" data-link=\"http:\/\/parafiawegliniec.pl\/?attachment_id=2112\" class=\"wp-image-2112\" srcset=\"https:\/\/parafiawegliniec.pl\/wp-content\/uploads\/2021\/08\/225097037_6396967440316987_6674521650630958061_n.jpg 960w, https:\/\/parafiawegliniec.pl\/wp-content\/uploads\/2021\/08\/225097037_6396967440316987_6674521650630958061_n-300x169.jpg 300w, https:\/\/parafiawegliniec.pl\/wp-content\/uploads\/2021\/08\/225097037_6396967440316987_6674521650630958061_n-768x432.jpg 768w, https:\/\/parafiawegliniec.pl\/wp-content\/uploads\/2021\/08\/225097037_6396967440316987_6674521650630958061_n-900x506.jpg 900w, https:\/\/parafiawegliniec.pl\/wp-content\/uploads\/2021\/08\/225097037_6396967440316987_6674521650630958061_n-400x225.jpg 400w\" sizes=\"(max-width: 960px) 100vw, 960px\" \/><\/figure><\/li><li class=\"blocks-gallery-item\"><figure><img loading=\"lazy\" width=\"960\" height=\"720\" src=\"http:\/\/parafiawegliniec.pl\/wp-content\/uploads\/2021\/08\/225614362_861282084480595_4311599837239645530_n.jpg\" alt=\"\" data-id=\"2113\" data-full-url=\"http:\/\/parafiawegliniec.pl\/wp-content\/uploads\/2021\/08\/225614362_861282084480595_4311599837239645530_n.jpg\" data-link=\"http:\/\/parafiawegliniec.pl\/?attachment_id=2113\" class=\"wp-image-2113\" srcset=\"https:\/\/parafiawegliniec.pl\/wp-content\/uploads\/2021\/08\/225614362_861282084480595_4311599837239645530_n.jpg 960w, https:\/\/parafiawegliniec.pl\/wp-content\/uploads\/2021\/08\/225614362_861282084480595_4311599837239645530_n-300x225.jpg 300w, https:\/\/parafiawegliniec.pl\/wp-content\/uploads\/2021\/08\/225614362_861282084480595_4311599837239645530_n-768x576.jpg 768w, https:\/\/parafiawegliniec.pl\/wp-content\/uploads\/2021\/08\/225614362_861282084480595_4311599837239645530_n-900x675.jpg 900w, https:\/\/parafiawegliniec.pl\/wp-content\/uploads\/2021\/08\/225614362_861282084480595_4311599837239645530_n-400x300.jpg 400w\" sizes=\"(max-width: 960px) 100vw, 960px\" \/><\/figure><\/li><\/ul><\/figure>\n<\/div>\n<\/div>\n<\/div><\/div>\n<\/div>\n<\/div>\n","protected":false},"excerpt":{"rendered":"<p>Pielgrzymka, pielgrzymka i po pielgrzymce\u2026 Tak w\u0142a\u015bnie chcia\u0142oby si\u0119 powiedzie\u0107, ale czy to naprawd\u0119 koniec?A mo\u017ce pielgrzymka w niekt\u00f3rych sercach dopiero si\u0119 rozpocz\u0119\u0142a\u2026 droga wiary, kt\u00f3r\u0105 trzeba przej\u015b\u0107; droga, kt\u00f3ra mia\u0142a sw\u00f3j pocz\u0105tek przed obliczem Matki Boskiej Cz\u0119stochowskiej. Grupa 7 \u201epokutna\u201d \u2013 taki charakter mia\u0142o w\u0142a\u015bnie nasze w\u0119drowanie. Nazwa mo\u017ce przera\u017ca co niekt\u00f3rych, ale spokojnie\u2026 [&hellip;]<\/p>\n","protected":false},"author":1,"featured_media":2124,"comment_status":"closed","ping_status":"open","sticky":false,"template":"","format":"standard","meta":[],"categories":[3],"tags":[],"_links":{"self":[{"href":"https:\/\/parafiawegliniec.pl\/index.php?rest_route=\/wp\/v2\/posts\/2109"}],"collection":[{"href":"https:\/\/parafiawegliniec.pl\/index.php?rest_route=\/wp\/v2\/posts"}],"about":[{"href":"https:\/\/parafiawegliniec.pl\/index.php?rest_route=\/wp\/v2\/types\/post"}],"author":[{"embeddable":true,"href":"https:\/\/parafiawegliniec.pl\/index.php?rest_route=\/wp\/v2\/users\/1"}],"replies":[{"embeddable":true,"href":"https:\/\/parafiawegliniec.pl\/index.php?rest_route=%2Fwp%2Fv2%2Fcomments&post=2109"}],"version-history":[{"count":1,"href":"https:\/\/parafiawegliniec.pl\/index.php?rest_route=\/wp\/v2\/posts\/2109\/revisions"}],"predecessor-version":[{"id":2150,"href":"https:\/\/parafiawegliniec.pl\/index.php?rest_route=\/wp\/v2\/posts\/2109\/revisions\/2150"}],"wp:featuredmedia":[{"embeddable":true,"href":"https:\/\/parafiawegliniec.pl\/index.php?rest_route=\/wp\/v2\/media\/2124"}],"wp:attachment":[{"href":"https:\/\/parafiawegliniec.pl\/index.php?rest_route=%2Fwp%2Fv2%2Fmedia&parent=2109"}],"wp:term":[{"taxonomy":"category","embeddable":true,"href":"https:\/\/parafiawegliniec.pl\/index.php?rest_route=%2Fwp%2Fv2%2Fcategories&post=2109"},{"taxonomy":"post_tag","embeddable":true,"href":"https:\/\/parafiawegliniec.pl\/index.php?rest_route=%2Fwp%2Fv2%2Ftags&post=2109"}],"curies":[{"name":"wp","href":"https:\/\/api.w.org\/{rel}","templated":true}]}}