{"id":264,"date":"2017-04-01T16:13:56","date_gmt":"2017-04-01T16:13:56","guid":{"rendered":"http:\/\/parafiawegliniec.pl\/?p=264"},"modified":"2017-04-03T16:17:47","modified_gmt":"2017-04-03T16:17:47","slug":"zmarl-ksiadz-pralat-stanislaw-zajac","status":"publish","type":"post","link":"https:\/\/parafiawegliniec.pl\/?p=264","title":{"rendered":"Zmar\u0142 Ksi\u0105dz Pra\u0142at Stanis\u0142aw Zaj\u0105c"},"content":{"rendered":"<p style=\"text-align: justify;\">W nadziei \u017cycia wiecznego zawiadamiamy, \u017ce dnia 31 marca 2017 r. w 83 roku \u017cycia, w 59 roku pe\u0142nienia pos\u0142ugi kap\u0142a\u0144skiej odszed\u0142 do Pana<\/p>\n<p style=\"text-align: justify;\">\u015b. p. <strong>Ksi\u0105dz Pra\u0142at Stanis\u0142aw Zaj\u0105c<\/strong><\/p>\n<p style=\"text-align: justify;\">emerytowany proboszcz parafii w Czerwonej Wodzie. Po \u015bwi\u0119ceniach prezbiteratu pracowa\u0142 w parafiach: Mirsk, Lewin Brzeski, Wysoka Cerkiew, Raciborowice. Od 1968 do 2000 roku pe\u0142ni\u0142 pos\u0142ug\u0119 proboszcza parafii pw. Wniebowzi\u0119cia Naj\u015bwi\u0119tszej Maryi Panny w Czerwonej Wodzie. Po przej\u015bciu na emerytur\u0119 zamieszka\u0142 w Domu Ksi\u0119\u017cy Emeryt\u00f3w im. \u015aw. Jadwigi \u015al\u0105skiej w Legnicy.<\/p>\n<p style=\"text-align: justify;\"><strong>Uroczysto\u015bci pogrzebowe zaplanowano nast\u0119puj\u0105co:<\/strong><\/p>\n<p style=\"text-align: justify;\" align=\"left\">&#8211; dnia <strong>03 kwietnia 2017 r.<\/strong> \u2013 g. 18.00 \u2013 eksporta do ko\u015bcio\u0142a parafialnego pw. \u015aw. Tadeusza Aposto\u0142a w Legnicy pod przewodnictwem Biskupa Marka Mendyka.<\/p>\n<p style=\"text-align: justify;\">\u00a0&#8211; dnia <strong>04 kwietnia<\/strong> <strong>2017<\/strong> <strong>r<\/strong>. \u2013 g. 13.00 \u2013 Msza \u015bw. w ko\u015bciele parafialnym i pogrzeb w Czerwonej Wodzie pod przewodnictwem Biskupa Legnickiego Zbigniewa Kiernikowskiego.<\/p>\n<p style=\"text-align: justify;\" align=\"left\">\u00a0Zmar\u0142ego ksi\u0119dza Stanis\u0142awa polecamy modlitwom.<\/p>\n<p style=\"text-align: justify;\" align=\"left\"><strong><em>Legnicka Kuria Biskupia<\/em><\/strong><\/p>\n","protected":false},"excerpt":{"rendered":"<p>W nadziei \u017cycia wiecznego zawiadamiamy, \u017ce dnia 31 marca 2017 r. w 83 roku \u017cycia, w 59 roku pe\u0142nienia pos\u0142ugi kap\u0142a\u0144skiej odszed\u0142 do Pana \u015b. p. Ksi\u0105dz Pra\u0142at Stanis\u0142aw Zaj\u0105c emerytowany proboszcz parafii w Czerwonej Wodzie. Po \u015bwi\u0119ceniach prezbiteratu pracowa\u0142 w parafiach: Mirsk, Lewin Brzeski, Wysoka Cerkiew, Raciborowice. Od 1968 do 2000 roku pe\u0142ni\u0142 pos\u0142ug\u0119 [&hellip;]<\/p>\n","protected":false},"author":1,"featured_media":265,"comment_status":"closed","ping_status":"open","sticky":false,"template":"","format":"standard","meta":[],"categories":[3],"tags":[],"_links":{"self":[{"href":"https:\/\/parafiawegliniec.pl\/index.php?rest_route=\/wp\/v2\/posts\/264"}],"collection":[{"href":"https:\/\/parafiawegliniec.pl\/index.php?rest_route=\/wp\/v2\/posts"}],"about":[{"href":"https:\/\/parafiawegliniec.pl\/index.php?rest_route=\/wp\/v2\/types\/post"}],"author":[{"embeddable":true,"href":"https:\/\/parafiawegliniec.pl\/index.php?rest_route=\/wp\/v2\/users\/1"}],"replies":[{"embeddable":true,"href":"https:\/\/parafiawegliniec.pl\/index.php?rest_route=%2Fwp%2Fv2%2Fcomments&post=264"}],"version-history":[{"count":1,"href":"https:\/\/parafiawegliniec.pl\/index.php?rest_route=\/wp\/v2\/posts\/264\/revisions"}],"predecessor-version":[{"id":266,"href":"https:\/\/parafiawegliniec.pl\/index.php?rest_route=\/wp\/v2\/posts\/264\/revisions\/266"}],"wp:featuredmedia":[{"embeddable":true,"href":"https:\/\/parafiawegliniec.pl\/index.php?rest_route=\/wp\/v2\/media\/265"}],"wp:attachment":[{"href":"https:\/\/parafiawegliniec.pl\/index.php?rest_route=%2Fwp%2Fv2%2Fmedia&parent=264"}],"wp:term":[{"taxonomy":"category","embeddable":true,"href":"https:\/\/parafiawegliniec.pl\/index.php?rest_route=%2Fwp%2Fv2%2Fcategories&post=264"},{"taxonomy":"post_tag","embeddable":true,"href":"https:\/\/parafiawegliniec.pl\/index.php?rest_route=%2Fwp%2Fv2%2Ftags&post=264"}],"curies":[{"name":"wp","href":"https:\/\/api.w.org\/{rel}","templated":true}]}}