{"id":2768,"date":"2023-04-02T18:35:31","date_gmt":"2023-04-02T18:35:31","guid":{"rendered":"https:\/\/parafiawegliniec.pl\/?p=2768"},"modified":"2023-04-03T10:40:10","modified_gmt":"2023-04-03T10:40:10","slug":"triduum-paschalne-w-naszej-parafii","status":"publish","type":"post","link":"https:\/\/parafiawegliniec.pl\/?p=2768","title":{"rendered":"Triduum Paschalne w naszej parafii"},"content":{"rendered":"\n<p><strong>Ca\u0142e Triduum Paschalne b\u0119dziemy prze\u017cywali w ko\u015bciele \u201ekolejowym\u201d:<\/strong><\/p>\n\n\n\n<p>Okazja do spowiedzi przed \u015bwi\u0119tami w Wielki Wtorek i \u015arod\u0119 od godziny 17:30 do 18:00. W Wielki Pi\u0105tek podczas adoracji Pana Jezusa w grobie od godziny 20:30 do 22:00.<\/p>\n\n\n\n<p><strong>WIELKI CZWARTEK<\/strong><\/p>\n\n\n\n<ul><li>W Wielki Czwartek <strong>Msza Wieczerzy Pa\u0144skiej o godzinie 18:00<\/strong>. Dzi\u0119kujemy w niej za ustanowienie Sakramentu Eucharystii Kap\u0142a\u0144stwa. Na zako\u0144czenie Mszy \u015bw. Sakrament zostanie przeniesiony do o\u0142tarza adoracji. Modlitwa przed Jezusem utajonym w Naj\u015bwi\u0119tszym Sakramencie b\u0119dzie trwa\u0142a do godziny 22:00.<\/li><\/ul>\n\n\n\n<p><strong>WIELKI PI\u0104TEK<\/strong><\/p>\n\n\n\n<ul><li>W Wielki Pi\u0105tek celebrujemy tajemnic\u0119 M\u0119ki i \u015amierci Chrystusa. Tego dnia nie sprawuje si\u0119 Mszy \u015bwi\u0119tych. Obowi\u0105zuje te\u017c post \u015bcis\u0142y. Prze\u017cywajmy Wielki Pi\u0105tek w skupieniu i wyciszeniu.<\/li><li>Osobista modlitwa przy o\u0142tarzu adoracji w ko\u015bciele \u201ekolejowym\u201d w Wielki Pi\u0105tek b\u0119dzie trwa\u0142a od godziny 9:00 do 12:00 i od 15:00 do 18:00. Po po\u0142udniu <strong>o godz. 15:00 nabo\u017ce\u0144stwo Drogi Krzy\u017cowej<\/strong>, a po nim modlitwa Koronk\u0105 do Mi\u0142osierdzia Bo\u017cego i rozpocz\u0119cie nowenny przygotowuj\u0105cej do Niedzieli Mi\u0142osierdzia Bo\u017cego.<\/li><li><strong>Liturgia M\u0119ki Pa\u0144skiej o godz. 18:00<\/strong>. Po niej adoracja przy Grobie Pa\u0144skim b\u0119dzie trwa\u0142a do godziny 22:00. Ofiary sk\u0142adane podczas Adoracji Krzy\u017ca przeznaczone s\u0105 na utrzymanie Bo\u017cego Grobu w Jerozolimie.<\/li><\/ul>\n\n\n\n<p><strong>WIELKA SOBOTA<\/strong><\/p>\n\n\n\n<ul><li>W Wielk\u0105 Sobot\u0119 pozostajemy nadal na modlitwie przy Grobie Pa\u0144skim oczekuj\u0105c na og\u0142oszenie zmartwychwstania Jezusa.<\/li><li><strong>Adoracja Naj\u015bwi\u0119tszego Sakramentu przy Grobie Pa\u0144skim<\/strong> w Wielk\u0105 Sobot\u0119 b\u0119dzie trwa\u0142a od godziny 9:00 do 14:00 i od 19:00 do 21:00.<\/li><li>Tego dnia tradycyjnie odbywa si\u0119 b\u0142ogos\u0142awienie pokarm\u00f3w na st\u00f3\u0142 wielkanocny. Na <strong>b\u0142ogos\u0142awie\u0144stwo pokarm\u00f3w<\/strong> zapraszam do <strong>ko\u015bcio\u0142a parafialnego na godzin\u0119 10:00, 12:00 i 15.00 (dodatkowo na pro\u015bb\u0119 Parafian)<\/strong>. B\u0142ogos\u0142awienie pokarm\u00f3w w <strong>ko\u015bciele \u201ekolejowym\u201d o godzinie 11:00 i 13:00<\/strong>. Na zako\u0144czenie ostatniego \u015bwi\u0119cenia pokarm\u00f3w Nowenna przed Niedziel\u0105 Mi\u0142osierdzia Bo\u017cego<\/li><li>W sobotni\u0105 noc b\u0119dziemy celebrowa\u0107 najwa\u017cniejsz\u0105 liturgi\u0119 w ci\u0105gu ca\u0142ego roku: <strong>Wigili\u0119 Paschaln\u0105<\/strong>, w czasie kt\u00f3rej og\u0142oszono zostanie zwyci\u0119stwo Chrystusa nad \u015bmierci\u0105 i zabrzmi radosne Alleluja. <strong>Wigilia Paschalna rozpocznie si\u0119 o godzinie 21:00 w ko\u015bciele \u201ekolejowym\u201d<\/strong>. Obejmuje ona kilka cz\u0119\u015bci: liturgi\u0119 \u015bwiat\u0142a, liturgi\u0119 s\u0142owa, liturgi\u0119 chrzcieln\u0105 wraz z odnowieniem przyrzecze\u0144 chrzcielnych oraz liturgi\u0119 eucharystyczn\u0105.<\/li><\/ul>\n\n\n\n<p><strong>NIEDZIELA ZMARTWYCHWSATANIA<\/strong><\/p>\n\n\n\n<ul><li>Ostatnim dniem Triduum Paschalnego jest <strong>Niedziela Zmartwychwstania<\/strong> &#8211; pierwszy dzie\u0144 oktawy \u015bwi\u0105t Wielkiej Nocy. Tego dnia Msze \u015bwi\u0119te w nast\u0119puj\u0105cym porz\u0105dku: o<strong> godzinie 8:00 i 18:00 w ko\u015bciele parafialnym<\/strong>, <strong>o godzinie 10:00 i 12:00 w &#8222;ko\u015bciele kolejowym<\/strong>&#8222;.<\/li><\/ul>\n","protected":false},"excerpt":{"rendered":"<p>Ca\u0142e Triduum Paschalne b\u0119dziemy prze\u017cywali w ko\u015bciele \u201ekolejowym\u201d: Okazja do spowiedzi przed \u015bwi\u0119tami w Wielki Wtorek i \u015arod\u0119 od godziny 17:30 do 18:00. W Wielki Pi\u0105tek podczas adoracji Pana Jezusa w grobie od godziny 20:30 do 22:00. WIELKI CZWARTEK W Wielki Czwartek Msza Wieczerzy Pa\u0144skiej o godzinie 18:00. Dzi\u0119kujemy w niej za ustanowienie Sakramentu Eucharystii [&hellip;]<\/p>\n","protected":false},"author":1,"featured_media":2769,"comment_status":"closed","ping_status":"open","sticky":false,"template":"","format":"standard","meta":[],"categories":[12],"tags":[],"_links":{"self":[{"href":"https:\/\/parafiawegliniec.pl\/index.php?rest_route=\/wp\/v2\/posts\/2768"}],"collection":[{"href":"https:\/\/parafiawegliniec.pl\/index.php?rest_route=\/wp\/v2\/posts"}],"about":[{"href":"https:\/\/parafiawegliniec.pl\/index.php?rest_route=\/wp\/v2\/types\/post"}],"author":[{"embeddable":true,"href":"https:\/\/parafiawegliniec.pl\/index.php?rest_route=\/wp\/v2\/users\/1"}],"replies":[{"embeddable":true,"href":"https:\/\/parafiawegliniec.pl\/index.php?rest_route=%2Fwp%2Fv2%2Fcomments&post=2768"}],"version-history":[{"count":4,"href":"https:\/\/parafiawegliniec.pl\/index.php?rest_route=\/wp\/v2\/posts\/2768\/revisions"}],"predecessor-version":[{"id":2774,"href":"https:\/\/parafiawegliniec.pl\/index.php?rest_route=\/wp\/v2\/posts\/2768\/revisions\/2774"}],"wp:featuredmedia":[{"embeddable":true,"href":"https:\/\/parafiawegliniec.pl\/index.php?rest_route=\/wp\/v2\/media\/2769"}],"wp:attachment":[{"href":"https:\/\/parafiawegliniec.pl\/index.php?rest_route=%2Fwp%2Fv2%2Fmedia&parent=2768"}],"wp:term":[{"taxonomy":"category","embeddable":true,"href":"https:\/\/parafiawegliniec.pl\/index.php?rest_route=%2Fwp%2Fv2%2Fcategories&post=2768"},{"taxonomy":"post_tag","embeddable":true,"href":"https:\/\/parafiawegliniec.pl\/index.php?rest_route=%2Fwp%2Fv2%2Ftags&post=2768"}],"curies":[{"name":"wp","href":"https:\/\/api.w.org\/{rel}","templated":true}]}}