{"id":2775,"date":"2023-04-03T10:46:32","date_gmt":"2023-04-03T10:46:32","guid":{"rendered":"https:\/\/parafiawegliniec.pl\/?p=2775"},"modified":"2023-04-03T10:46:32","modified_gmt":"2023-04-03T10:46:32","slug":"poswiecenie-pokarmow-na-stol-wielkanocny","status":"publish","type":"post","link":"https:\/\/parafiawegliniec.pl\/?p=2775","title":{"rendered":"Po\u015bwi\u0119cenie pokarm\u00f3w na st\u00f3\u0142 wielkanocny"},"content":{"rendered":"\n<p>W Wielk\u0105 Sobot\u0119 tradycyjnie odbywa si\u0119 b\u0142ogos\u0142awienie pokarm\u00f3w na st\u00f3\u0142 wielkanocny. <\/p>\n\n\n\n<p>Na <strong>b\u0142ogos\u0142awie\u0144stwo pokarm\u00f3w<\/strong> zapraszam do <strong>ko\u015bcio\u0142a parafialnego na godzin\u0119 10:00, 12:00 i 15.00<\/strong> <strong>(\u015bwi\u0119cenie o godz. 15.00 dodatkowo na pro\u015bb\u0119 pracuj\u0105cych Parafian)<\/strong>. <\/p>\n\n\n\n<p>B\u0142ogos\u0142awienie pokarm\u00f3w w <strong>ko\u015bciele \u201ekolejowym\u201d o godzinie 11:00 i 13:00<\/strong> &#8211; po \u015bwi\u0119ceniu pokarm\u00f3w o godz. 13.00 Nowenna przed Niedziel\u0105 Mi\u0142osierdzia Bo\u017cego.<\/p>\n","protected":false},"excerpt":{"rendered":"<p>W Wielk\u0105 Sobot\u0119 tradycyjnie odbywa si\u0119 b\u0142ogos\u0142awienie pokarm\u00f3w na st\u00f3\u0142 wielkanocny. Na b\u0142ogos\u0142awie\u0144stwo pokarm\u00f3w zapraszam do ko\u015bcio\u0142a parafialnego na godzin\u0119 10:00, 12:00 i 15.00 (\u015bwi\u0119cenie o godz. 15.00 dodatkowo na pro\u015bb\u0119 pracuj\u0105cych Parafian). B\u0142ogos\u0142awienie pokarm\u00f3w w ko\u015bciele \u201ekolejowym\u201d o godzinie 11:00 i 13:00 &#8211; po \u015bwi\u0119ceniu pokarm\u00f3w o godz. 13.00 Nowenna przed Niedziel\u0105 Mi\u0142osierdzia Bo\u017cego.<\/p>\n","protected":false},"author":1,"featured_media":2776,"comment_status":"closed","ping_status":"open","sticky":false,"template":"","format":"standard","meta":[],"categories":[12],"tags":[],"_links":{"self":[{"href":"https:\/\/parafiawegliniec.pl\/index.php?rest_route=\/wp\/v2\/posts\/2775"}],"collection":[{"href":"https:\/\/parafiawegliniec.pl\/index.php?rest_route=\/wp\/v2\/posts"}],"about":[{"href":"https:\/\/parafiawegliniec.pl\/index.php?rest_route=\/wp\/v2\/types\/post"}],"author":[{"embeddable":true,"href":"https:\/\/parafiawegliniec.pl\/index.php?rest_route=\/wp\/v2\/users\/1"}],"replies":[{"embeddable":true,"href":"https:\/\/parafiawegliniec.pl\/index.php?rest_route=%2Fwp%2Fv2%2Fcomments&post=2775"}],"version-history":[{"count":1,"href":"https:\/\/parafiawegliniec.pl\/index.php?rest_route=\/wp\/v2\/posts\/2775\/revisions"}],"predecessor-version":[{"id":2777,"href":"https:\/\/parafiawegliniec.pl\/index.php?rest_route=\/wp\/v2\/posts\/2775\/revisions\/2777"}],"wp:featuredmedia":[{"embeddable":true,"href":"https:\/\/parafiawegliniec.pl\/index.php?rest_route=\/wp\/v2\/media\/2776"}],"wp:attachment":[{"href":"https:\/\/parafiawegliniec.pl\/index.php?rest_route=%2Fwp%2Fv2%2Fmedia&parent=2775"}],"wp:term":[{"taxonomy":"category","embeddable":true,"href":"https:\/\/parafiawegliniec.pl\/index.php?rest_route=%2Fwp%2Fv2%2Fcategories&post=2775"},{"taxonomy":"post_tag","embeddable":true,"href":"https:\/\/parafiawegliniec.pl\/index.php?rest_route=%2Fwp%2Fv2%2Ftags&post=2775"}],"curies":[{"name":"wp","href":"https:\/\/api.w.org\/{rel}","templated":true}]}}