{"id":2783,"date":"2023-04-30T13:37:05","date_gmt":"2023-04-30T13:37:05","guid":{"rendered":"https:\/\/parafiawegliniec.pl\/?p=2783"},"modified":"2023-04-30T13:37:05","modified_gmt":"2023-04-30T13:37:05","slug":"nabozenstwa-majowe-2","status":"publish","type":"post","link":"https:\/\/parafiawegliniec.pl\/?p=2783","title":{"rendered":"Nabo\u017ce\u0144stwa Majowe"},"content":{"rendered":"\n<p>W poniedzia\u0142ek rozpoczyna si\u0119 nowy miesi\u0105c &#8211; maj, kt\u00f3ry jest po\u015bwi\u0119cony szczeg\u00f3lnej czci Naj\u015bwi\u0119tszej Maryi Panny. <\/p>\n\n\n\n<p>Na nabo\u017ce\u0144stwa majowe zapraszam codziennie o godz. 17.30. Po nabo\u017ce\u0144stwie Msza \u015bw. o godz. 18.00.<\/p>\n","protected":false},"excerpt":{"rendered":"<p>W poniedzia\u0142ek rozpoczyna si\u0119 nowy miesi\u0105c &#8211; maj, kt\u00f3ry jest po\u015bwi\u0119cony szczeg\u00f3lnej czci Naj\u015bwi\u0119tszej Maryi Panny. Na nabo\u017ce\u0144stwa majowe zapraszam codziennie o godz. 17.30. Po nabo\u017ce\u0144stwie Msza \u015bw. o godz. 18.00.<\/p>\n","protected":false},"author":1,"featured_media":1117,"comment_status":"closed","ping_status":"open","sticky":false,"template":"","format":"standard","meta":[],"categories":[12],"tags":[],"_links":{"self":[{"href":"https:\/\/parafiawegliniec.pl\/index.php?rest_route=\/wp\/v2\/posts\/2783"}],"collection":[{"href":"https:\/\/parafiawegliniec.pl\/index.php?rest_route=\/wp\/v2\/posts"}],"about":[{"href":"https:\/\/parafiawegliniec.pl\/index.php?rest_route=\/wp\/v2\/types\/post"}],"author":[{"embeddable":true,"href":"https:\/\/parafiawegliniec.pl\/index.php?rest_route=\/wp\/v2\/users\/1"}],"replies":[{"embeddable":true,"href":"https:\/\/parafiawegliniec.pl\/index.php?rest_route=%2Fwp%2Fv2%2Fcomments&post=2783"}],"version-history":[{"count":1,"href":"https:\/\/parafiawegliniec.pl\/index.php?rest_route=\/wp\/v2\/posts\/2783\/revisions"}],"predecessor-version":[{"id":2784,"href":"https:\/\/parafiawegliniec.pl\/index.php?rest_route=\/wp\/v2\/posts\/2783\/revisions\/2784"}],"wp:featuredmedia":[{"embeddable":true,"href":"https:\/\/parafiawegliniec.pl\/index.php?rest_route=\/wp\/v2\/media\/1117"}],"wp:attachment":[{"href":"https:\/\/parafiawegliniec.pl\/index.php?rest_route=%2Fwp%2Fv2%2Fmedia&parent=2783"}],"wp:term":[{"taxonomy":"category","embeddable":true,"href":"https:\/\/parafiawegliniec.pl\/index.php?rest_route=%2Fwp%2Fv2%2Fcategories&post=2783"},{"taxonomy":"post_tag","embeddable":true,"href":"https:\/\/parafiawegliniec.pl\/index.php?rest_route=%2Fwp%2Fv2%2Ftags&post=2783"}],"curies":[{"name":"wp","href":"https:\/\/api.w.org\/{rel}","templated":true}]}}