{"id":2785,"date":"2023-04-30T13:41:27","date_gmt":"2023-04-30T13:41:27","guid":{"rendered":"https:\/\/parafiawegliniec.pl\/?p=2785"},"modified":"2023-04-30T13:41:27","modified_gmt":"2023-04-30T13:41:27","slug":"3-maja-swieto-najswietszej-maryi-panny-krolowej-polski%ef%bf%bc","status":"publish","type":"post","link":"https:\/\/parafiawegliniec.pl\/?p=2785","title":{"rendered":"3 maja \u2013 \u015bwi\u0119to Naj\u015bwi\u0119tszej Maryi Panny, Kr\u00f3lowej Polski\ufffc"},"content":{"rendered":"\n<p><strong>W \u015brod\u0119, 3 maja Uroczysto\u015b\u0107 Matki Bo\u017cej Kr\u00f3lowej Polski oraz rocznica uchwalenia Konstytucji 3 Maja. <\/strong><\/p>\n\n\n\n<p>Z racji odpustu w <strong>ko\u015bciele \u201ekolejowym\u201d, w \u015brod\u0119 Msze \u015bw. o godz. 8.00, 10.00 i 12.00<\/strong> b\u0119d\u0105 odprawione w tym\u017ce ko\u015bciele, o godz. <strong>18.00 Msza \u015bw. b\u0119dzie odprawiona w ko\u015bciele parafialnym<\/strong> poprzedzona Nowenn\u0105 do MB Nieustaj\u0105cej Pomocy. <\/p>\n\n\n\n<p>Sumie Odpustowej o godz. 12.00, podczas kt\u00f3rej b\u0119dziemy si\u0119 modli\u0107 w intencji naszej Parafii oraz w intencji Ojczyzny b\u0119dzie przewodniczy\u0142 ks. Artur Jaguszczak, wikariusz z parafii katedralnej w Legnicy. Na zako\u0144czenie Mszy \u015bw. wystawienie Naj\u015bw. Sakramentu i Litania Loreta\u0144ska do NMP. <\/p>\n\n\n\n<p>Zapraszam do udzia\u0142u w tej Uroczysto\u015bci Poczty Sztandarowe, po Mszy \u015bw. w uroczystym pochodzie przejdziemy pod pomnik w parku.<\/p>\n","protected":false},"excerpt":{"rendered":"<p>W \u015brod\u0119, 3 maja Uroczysto\u015b\u0107 Matki Bo\u017cej Kr\u00f3lowej Polski oraz rocznica uchwalenia Konstytucji 3 Maja. Z racji odpustu w ko\u015bciele \u201ekolejowym\u201d, w \u015brod\u0119 Msze \u015bw. o godz. 8.00, 10.00 i 12.00 b\u0119d\u0105 odprawione w tym\u017ce ko\u015bciele, o godz. 18.00 Msza \u015bw. b\u0119dzie odprawiona w ko\u015bciele parafialnym poprzedzona Nowenn\u0105 do MB Nieustaj\u0105cej Pomocy. Sumie Odpustowej o [&hellip;]<\/p>\n","protected":false},"author":1,"featured_media":297,"comment_status":"closed","ping_status":"open","sticky":false,"template":"","format":"standard","meta":[],"categories":[12],"tags":[],"_links":{"self":[{"href":"https:\/\/parafiawegliniec.pl\/index.php?rest_route=\/wp\/v2\/posts\/2785"}],"collection":[{"href":"https:\/\/parafiawegliniec.pl\/index.php?rest_route=\/wp\/v2\/posts"}],"about":[{"href":"https:\/\/parafiawegliniec.pl\/index.php?rest_route=\/wp\/v2\/types\/post"}],"author":[{"embeddable":true,"href":"https:\/\/parafiawegliniec.pl\/index.php?rest_route=\/wp\/v2\/users\/1"}],"replies":[{"embeddable":true,"href":"https:\/\/parafiawegliniec.pl\/index.php?rest_route=%2Fwp%2Fv2%2Fcomments&post=2785"}],"version-history":[{"count":1,"href":"https:\/\/parafiawegliniec.pl\/index.php?rest_route=\/wp\/v2\/posts\/2785\/revisions"}],"predecessor-version":[{"id":2786,"href":"https:\/\/parafiawegliniec.pl\/index.php?rest_route=\/wp\/v2\/posts\/2785\/revisions\/2786"}],"wp:featuredmedia":[{"embeddable":true,"href":"https:\/\/parafiawegliniec.pl\/index.php?rest_route=\/wp\/v2\/media\/297"}],"wp:attachment":[{"href":"https:\/\/parafiawegliniec.pl\/index.php?rest_route=%2Fwp%2Fv2%2Fmedia&parent=2785"}],"wp:term":[{"taxonomy":"category","embeddable":true,"href":"https:\/\/parafiawegliniec.pl\/index.php?rest_route=%2Fwp%2Fv2%2Fcategories&post=2785"},{"taxonomy":"post_tag","embeddable":true,"href":"https:\/\/parafiawegliniec.pl\/index.php?rest_route=%2Fwp%2Fv2%2Ftags&post=2785"}],"curies":[{"name":"wp","href":"https:\/\/api.w.org\/{rel}","templated":true}]}}