{"id":2974,"date":"2024-01-01T17:19:42","date_gmt":"2024-01-01T17:19:42","guid":{"rendered":"https:\/\/parafiawegliniec.pl\/?p=2974"},"modified":"2024-01-01T17:19:42","modified_gmt":"2024-01-01T17:19:42","slug":"spotkanie-oplatkowe-wspolnoty-zywego-rozanca-11-01-2024-w-sali-wck","status":"publish","type":"post","link":"https:\/\/parafiawegliniec.pl\/?p=2974","title":{"rendered":"Spotkanie op\u0142atkowe Wsp\u00f3lnoty \u017bywego R\u00f3\u017ca\u0144ca &#8211; 11.01.2024 w sali WCK"},"content":{"rendered":"\n<p><strong>Jak ka\u017cdego roku organizujemy spotkanie op\u0142atkowe Wsp\u00f3lnoty \u017bywego R\u00f3\u017ca\u0144ca \u2013 wszystkich R\u00f3\u017c R\u00f3\u017ca\u0144cowych \u017ce\u0144skich i m\u0119skich. Spotkanie odb\u0119dzie si\u0119 w czwartek 11 stycznia o godz. 18:00 w Domu Kultury.\u00a0<\/strong><\/p>\n\n\n\n<p>Prosz\u0119 zwr\u00f3ci\u0107 uwag\u0119 na zmieniony termin oraz miejsce. Poniewa\u017c nasza salka katechetyczna jest jeszcze zaj\u0119ta, dzi\u0119ki \u017cyczliwo\u015bci Pana Burmistrza i Dyrektora Domu Kultury spotkanie odb\u0119dzie si\u0119 w pobliskiej sali Domu Kultury. <\/p>\n\n\n\n<p>Zwracamy si\u0119 z pro\u015bb\u0105 do wszystkich, kt\u00f3rzy anga\u017cowali si\u0119 w przygotowanie tego radosnego wydarzenia o to, by jak ka\u017cdego roku po\u015bwi\u0119cili sw\u00f3j czas na przygotowanie tego Spotkania Op\u0142atkowego. Czwartek, 11 stycznia godz. 18:00, wszystkich z serca zapraszamy.<\/p>\n","protected":false},"excerpt":{"rendered":"<p>Jak ka\u017cdego roku organizujemy spotkanie op\u0142atkowe Wsp\u00f3lnoty \u017bywego R\u00f3\u017ca\u0144ca \u2013 wszystkich R\u00f3\u017c R\u00f3\u017ca\u0144cowych \u017ce\u0144skich i m\u0119skich. Spotkanie odb\u0119dzie si\u0119 w czwartek 11 stycznia o godz. 18:00 w Domu Kultury.\u00a0 Prosz\u0119 zwr\u00f3ci\u0107 uwag\u0119 na zmieniony termin oraz miejsce. Poniewa\u017c nasza salka katechetyczna jest jeszcze zaj\u0119ta, dzi\u0119ki \u017cyczliwo\u015bci Pana Burmistrza i Dyrektora Domu Kultury spotkanie odb\u0119dzie si\u0119 [&hellip;]<\/p>\n","protected":false},"author":1,"featured_media":2975,"comment_status":"closed","ping_status":"open","sticky":false,"template":"","format":"standard","meta":[],"categories":[12],"tags":[],"_links":{"self":[{"href":"https:\/\/parafiawegliniec.pl\/index.php?rest_route=\/wp\/v2\/posts\/2974"}],"collection":[{"href":"https:\/\/parafiawegliniec.pl\/index.php?rest_route=\/wp\/v2\/posts"}],"about":[{"href":"https:\/\/parafiawegliniec.pl\/index.php?rest_route=\/wp\/v2\/types\/post"}],"author":[{"embeddable":true,"href":"https:\/\/parafiawegliniec.pl\/index.php?rest_route=\/wp\/v2\/users\/1"}],"replies":[{"embeddable":true,"href":"https:\/\/parafiawegliniec.pl\/index.php?rest_route=%2Fwp%2Fv2%2Fcomments&post=2974"}],"version-history":[{"count":1,"href":"https:\/\/parafiawegliniec.pl\/index.php?rest_route=\/wp\/v2\/posts\/2974\/revisions"}],"predecessor-version":[{"id":2976,"href":"https:\/\/parafiawegliniec.pl\/index.php?rest_route=\/wp\/v2\/posts\/2974\/revisions\/2976"}],"wp:featuredmedia":[{"embeddable":true,"href":"https:\/\/parafiawegliniec.pl\/index.php?rest_route=\/wp\/v2\/media\/2975"}],"wp:attachment":[{"href":"https:\/\/parafiawegliniec.pl\/index.php?rest_route=%2Fwp%2Fv2%2Fmedia&parent=2974"}],"wp:term":[{"taxonomy":"category","embeddable":true,"href":"https:\/\/parafiawegliniec.pl\/index.php?rest_route=%2Fwp%2Fv2%2Fcategories&post=2974"},{"taxonomy":"post_tag","embeddable":true,"href":"https:\/\/parafiawegliniec.pl\/index.php?rest_route=%2Fwp%2Fv2%2Ftags&post=2974"}],"curies":[{"name":"wp","href":"https:\/\/api.w.org\/{rel}","templated":true}]}}