{"id":2977,"date":"2024-01-13T17:29:00","date_gmt":"2024-01-13T17:29:00","guid":{"rendered":"https:\/\/parafiawegliniec.pl\/?p=2977"},"modified":"2024-01-27T19:49:47","modified_gmt":"2024-01-27T19:49:47","slug":"wizyta-duszpasterska-koleda-2","status":"publish","type":"post","link":"https:\/\/parafiawegliniec.pl\/?p=2977","title":{"rendered":"Wizyta duszpasterska \u2013 \u201eKol\u0119da\u201d (29.01 &#8211; 02.02)"},"content":{"rendered":"\n<p><strong>W styczniu wchodzimy w okres kol\u0119dowy. Z tego te\u017c wzgl\u0119du Msze \u015bw. codzienne b\u0119d\u0105 sprawowane o godz. 9:00. <\/strong>Prosimy osoby, kt\u00f3re zam\u00f3wi\u0142y swoje intencje w tym czasie, by wcze\u015bniej skontrolowa\u0142y o kt\u00f3rej jest Msza \u015bw. <\/p>\n\n\n\n<p><strong>W soboty Msze \u015bw. tradycyjnie o godz. 9:00 ku czci Niepokalanego Serca Matki Bo\u017cej<\/strong> \u2013 wynagradzaj\u0105ca oraz <strong>wieczorna o 18:00<\/strong> dla pracuj\u0105cych w Niedziele.<\/p>\n\n\n\n<p><strong>Kol\u0119d\u0119 rozpoczyna\u0107 b\u0119dziemy w tygodniu od godz. 16:00<\/strong>. <strong>W soboty od 14:00<\/strong>.W najbli\u017cszych dniach nawiedzimy z modlitw\u0105 i Bo\u017cym b\u0142ogos\u0142awie\u0144stwem mieszka\u0144c\u00f3w nast\u0119puj\u0105cych ulic:<\/p>\n\n\n\n<ul><li><strong>Poniedzia\u0142ek 29 stycznia: <\/strong>ul. Ko\u015bciuszki od 1 do 15 strona nieparzysta oraz od 38 do 2 strona parzysta, ul. Le\u015bna strona parzysta<\/li><\/ul>\n\n\n\n<ul><li><strong>Wtorek 30 stycznia: <\/strong>ul. Parkowa, Kr\u0119ta i Wschodnia<strong>.<\/strong><\/li><\/ul>\n\n\n\n<ul><li><strong>\u015aroda 31 stycznia: <\/strong>ul. Daszy\u0144skiego i Skrajna.<\/li><\/ul>\n\n\n\n<ul><li><strong>Czwartek 01 i Pi\u0105tek 02 lutego<\/strong> Kol\u0119da na wcze\u015bniejsze zg\u0142oszenia w zakrystii po Mszach \u015bw. lub na telefon parafialny.<\/li><\/ul>\n","protected":false},"excerpt":{"rendered":"<p>W styczniu wchodzimy w okres kol\u0119dowy. Z tego te\u017c wzgl\u0119du Msze \u015bw. codzienne b\u0119d\u0105 sprawowane o godz. 9:00. Prosimy osoby, kt\u00f3re zam\u00f3wi\u0142y swoje intencje w tym czasie, by wcze\u015bniej skontrolowa\u0142y o kt\u00f3rej jest Msza \u015bw. W soboty Msze \u015bw. tradycyjnie o godz. 9:00 ku czci Niepokalanego Serca Matki Bo\u017cej \u2013 wynagradzaj\u0105ca oraz wieczorna o 18:00 [&hellip;]<\/p>\n","protected":false},"author":1,"featured_media":133,"comment_status":"closed","ping_status":"open","sticky":false,"template":"","format":"standard","meta":[],"categories":[12],"tags":[],"_links":{"self":[{"href":"https:\/\/parafiawegliniec.pl\/index.php?rest_route=\/wp\/v2\/posts\/2977"}],"collection":[{"href":"https:\/\/parafiawegliniec.pl\/index.php?rest_route=\/wp\/v2\/posts"}],"about":[{"href":"https:\/\/parafiawegliniec.pl\/index.php?rest_route=\/wp\/v2\/types\/post"}],"author":[{"embeddable":true,"href":"https:\/\/parafiawegliniec.pl\/index.php?rest_route=\/wp\/v2\/users\/1"}],"replies":[{"embeddable":true,"href":"https:\/\/parafiawegliniec.pl\/index.php?rest_route=%2Fwp%2Fv2%2Fcomments&post=2977"}],"version-history":[{"count":8,"href":"https:\/\/parafiawegliniec.pl\/index.php?rest_route=\/wp\/v2\/posts\/2977\/revisions"}],"predecessor-version":[{"id":3011,"href":"https:\/\/parafiawegliniec.pl\/index.php?rest_route=\/wp\/v2\/posts\/2977\/revisions\/3011"}],"wp:featuredmedia":[{"embeddable":true,"href":"https:\/\/parafiawegliniec.pl\/index.php?rest_route=\/wp\/v2\/media\/133"}],"wp:attachment":[{"href":"https:\/\/parafiawegliniec.pl\/index.php?rest_route=%2Fwp%2Fv2%2Fmedia&parent=2977"}],"wp:term":[{"taxonomy":"category","embeddable":true,"href":"https:\/\/parafiawegliniec.pl\/index.php?rest_route=%2Fwp%2Fv2%2Fcategories&post=2977"},{"taxonomy":"post_tag","embeddable":true,"href":"https:\/\/parafiawegliniec.pl\/index.php?rest_route=%2Fwp%2Fv2%2Ftags&post=2977"}],"curies":[{"name":"wp","href":"https:\/\/api.w.org\/{rel}","templated":true}]}}